{"id":7973,"date":"2025-01-22T10:42:27","date_gmt":"2025-01-22T09:42:27","guid":{"rendered":"https:\/\/www.pagans.eu\/?p=7973"},"modified":"2025-02-16T14:05:40","modified_gmt":"2025-02-16T13:05:40","slug":"paris-apocalypse-2025-conference","status":"publish","type":"post","link":"https:\/\/www.pagans.eu\/en\/paris-apocalypse-2025-conference\/","title":{"rendered":"PARIS APOCALYPSE 2025 Conf\u00e9rence d&#8217;Oleg de Normandie"},"content":{"rendered":"\n<p>L&#8217;\u00e9v\u00e9nement principal, c&#8217;est la conf\u00e9rence HIS-TOR-IQUE d&#8217;Oleg de Normandie \u00e0 Paris ! D&#8217;autres \u00e9v\u00e9nements auront lieu juste apr\u00e8s la conf\u00e9rence :<\/p>\n\n\n\n<p>-S\u00e9ance de d\u00e9dicace <\/p>\n\n\n\n<p>-Rencontres autour d&#8217;un pot de l&#8217;amiti\u00e9<\/p>\n\n\n\n<p>-Enfin, en option le lendemain, balade au c\u0153ur du Paris Apocalyptique. (\u00e0 souscrire \u00e0 ce moment l\u00e0, juste apr\u00e8s la conf\u00e9rence)<\/p>\n\n\n\n<p><\/p>\n\n\n\n<h2>Samedi 5 avril 2025 tout pr\u00e8s de Paris : Conf\u00e9rence<\/h2>\n\n\n\n<p>Afin de faciliter l&#8217;acc\u00e8s \u00e0 la salle, nous allons choisir une salle qui permet \u00e0 la fois de garer sa voiture et de venir en transport en commun. C&#8217;est pourquoi la salle ne se trouvera pas au c\u0153ur de Paris, mais en p\u00e9riph\u00e9rie de la ville.<\/p>\n\n\n\n<p>Dur\u00e9e de l&#8217;\u00e9v\u00e9nement : D\u00e9but vers 14H et fin vers 19H environ.<\/p>\n\n\n\n<p>La conf\u00e9rence PARIS APOCALYPSE 2025 durera entre 2H et 2H45 environ. Dans la foul\u00e9e de la conf\u00e9rence les fans des travaux d&#8217;Oleg sont convi\u00e9s \u00e0 un pot de l&#8217;amiti\u00e9, et \u00e0 une s\u00e9ance de d\u00e9dicaces donn\u00e9e par le conf\u00e9rencier.<\/p>\n\n\n\n<p>PRIX : <strong>12 \u20ac <\/strong>par personne<\/p>\n\n\n<div class=\"wp-block-image\">\n<figure class=\"aligncenter size-full\"><a href=\"https:\/\/www.pagans.eu\/wp-content\/uploads\/2025\/01\/affiche-PARIS-APOCALYPSE-2025-compress.jpg\" rel=\"wp-prettyPhoto[7973]\"><img loading=\"lazy\" width=\"600\" height=\"800\" src=\"https:\/\/www.pagans.eu\/wp-content\/uploads\/2025\/01\/affiche-PARIS-APOCALYPSE-2025-compress.jpg\" alt=\"\" class=\"wp-image-7991\" srcset=\"https:\/\/www.pagans.eu\/wp-content\/uploads\/2025\/01\/affiche-PARIS-APOCALYPSE-2025-compress.jpg 600w, https:\/\/www.pagans.eu\/wp-content\/uploads\/2025\/01\/affiche-PARIS-APOCALYPSE-2025-compress-225x300.jpg 225w\" sizes=\"(max-width: 600px) 100vw, 600px\" \/><\/a><\/figure><\/div>\n\n\n<h3>ATTENTION : IL FAUT RESERVER VOS PLACES AVANT LE 14 FEVRIER INCLUS !<\/h3>\n\n\n\n<p>Afin de choisir la salle la plus adapt\u00e9e possible, nous attendons de conna\u00eetre le nombre de participants pour la r\u00e9server. La r\u00e9servation de la salle devant \u00eatre faite \u00e0 l&#8217;avance, nous avons besoin de conna\u00eetre le nombre de participants avant le 14 f\u00e9vrier \u00e0 23H59. <\/p>\n\n\n\n<p>Nous vous remercions pour votre compr\u00e9hension, l&#8217;achat des places se fait en bas de page.<\/p>\n\n\n\n<p>En cas d&#8217;achat, vous reconnaissez implicitement adh\u00e9rer \u00e0 la charte de participation stipul\u00e9e plus bas.<\/p>\n\n\n\n<p><\/p>\n\n\n\n<h2>Dimanche 6 en option : Balade apocalyptique au c\u0153ur de Paris<\/h2>\n\n\n\n<p>Le lendemain, nous proposons aux participants de la conf\u00e9rence, et exclusivement \u00e0 ces derniers, de participer \u00e0 une balade au c\u0153ur de Paris. <\/p>\n\n\n\n<p>Oleg de Normandie sera votre guide, il vous fera d\u00e9couvrir le Paris secret, il d\u00e9codera le message de v\u00e9rit\u00e9 \u00e9crit depuis les temps les plus anciens dans la ville, car d\u00e9j\u00e0 \u00e0 l&#8217;\u00e9poque gauloise de Lut\u00e8ce, la parole divine s&#8217;inscrivait dans la pierre. <\/p>\n\n\n<div class=\"wp-block-image\">\n<figure class=\"aligncenter size-full\"><a href=\"https:\/\/www.pagans.eu\/wp-content\/uploads\/2025\/01\/Arc-porte-saint-martin-Compress.jpg\" rel=\"wp-prettyPhoto[7973]\"><img loading=\"lazy\" width=\"450\" height=\"450\" src=\"https:\/\/www.pagans.eu\/wp-content\/uploads\/2025\/01\/Arc-porte-saint-martin-Compress.jpg\" alt=\"\" class=\"wp-image-7995\" srcset=\"https:\/\/www.pagans.eu\/wp-content\/uploads\/2025\/01\/Arc-porte-saint-martin-Compress.jpg 450w, https:\/\/www.pagans.eu\/wp-content\/uploads\/2025\/01\/Arc-porte-saint-martin-Compress-300x300.jpg 300w, https:\/\/www.pagans.eu\/wp-content\/uploads\/2025\/01\/Arc-porte-saint-martin-Compress-150x150.jpg 150w\" sizes=\"(max-width: 450px) 100vw, 450px\" \/><\/a><figcaption>L&#8217;Arc de la porte Saint Martin<\/figcaption><\/figure><\/div>\n\n\n<p>Vous comprendrez pourquoi on appelle Paris la ville lumi\u00e8re, et pourquoi Paris a \u00e9t\u00e9 choisi par le plan divin, pour cette Apocalypse 2025.<\/p>\n\n\n\n<p>Cette option ne pourra \u00eatre souscrite et achet\u00e9e que sur place le jour de la conf\u00e9rence. PRIX : <strong>20\u20ac <\/strong>par personne<\/p>\n\n\n\n<p>Dur\u00e9e de l&#8217;\u00e9v\u00e9nement : de 10H \u00e0 16H* environ- Avec une pause d\u00e9jeuner. Le d\u00e9jeuner reste \u00e0 la charge du participant.<\/p>\n\n\n\n<p>*Afin de convenir \u00e0 un maximum de personnes, ces horaires pourraient varier, il ne s&#8217;agit pas d&#8217;un engagement horaire mais d&#8217;une indication.<\/p>\n\n\n\n<p><\/p>\n\n\n\n<h2>Charte de participation<\/h2>\n\n\n\n<p>La participation \u00e0 ces \u00e9v\u00e8nements requiert le remplissement les conditions suivantes :<\/p>\n\n\n\n<p>-Ne pas emporter ni ne consommer d&#8217;alcool durant les diff\u00e9rents \u00e9v\u00e9nements ou toute substance psychotrope.<\/p>\n\n\n\n<p>-Faire usage de savoir vivre et de bienveillance tout au long de l&#8217;\u00e9v\u00e9nement.<\/p>\n\n\n\n<p>-Adh\u00e9rer aux valeurs v\u00e9hicul\u00e9es par Oleg de Normandie.<\/p>\n\n\n\n<p>-Il pourra vous \u00eatre demand\u00e9 une pi\u00e8ce d&#8217;identit\u00e9 \u00e0 l&#8217;entr\u00e9e<\/p>\n\n\n\n<p><\/p>\n\n\n\n<h2>Achat et R\u00e9ception de vos billets<\/h2>\n\n\n\n<p>En fonction de votre mode de paiement, deux possibilit\u00e9s diff\u00e9rentes : <\/p>\n\n\n\n<p>-Si vous avez utilis\u00e9 votre compte Paypal, vous n&#8217;avez rien \u00e0 faire, nous vous enverrons vos places apr\u00e8s le 15 f\u00e9vrier par email, pensez \u00e0 v\u00e9rifier vos SPAMS ! <\/p>\n\n\n\n<p>-Si vous payez avec votre Carte Bancaire, il faut absolument que vous renseignez votre adresse email, comme indiqu\u00e9 ci-dessous :<\/p>\n\n\n\n<figure class=\"wp-block-image size-large\"><a href=\"https:\/\/www.pagans.eu\/wp-content\/uploads\/2025\/01\/Paiement-CB-renseigner-EMAIL.jpg\" rel=\"wp-prettyPhoto[7973]\"><img loading=\"lazy\" width=\"1024\" height=\"706\" src=\"https:\/\/www.pagans.eu\/wp-content\/uploads\/2025\/01\/Paiement-CB-renseigner-EMAIL-1024x706.jpg\" alt=\"\" class=\"wp-image-8012\" srcset=\"https:\/\/www.pagans.eu\/wp-content\/uploads\/2025\/01\/Paiement-CB-renseigner-EMAIL-1024x706.jpg 1024w, https:\/\/www.pagans.eu\/wp-content\/uploads\/2025\/01\/Paiement-CB-renseigner-EMAIL-300x207.jpg 300w, https:\/\/www.pagans.eu\/wp-content\/uploads\/2025\/01\/Paiement-CB-renseigner-EMAIL-768x529.jpg 768w, https:\/\/www.pagans.eu\/wp-content\/uploads\/2025\/01\/Paiement-CB-renseigner-EMAIL-600x413.jpg 600w, https:\/\/www.pagans.eu\/wp-content\/uploads\/2025\/01\/Paiement-CB-renseigner-EMAIL.jpg 1296w\" sizes=\"(max-width: 1024px) 100vw, 1024px\" \/><\/a><\/figure>\n\n\n\n<p>Nous vous enverrons vos places \u00e0 cet adresse email entre le 15 et  le 20 f\u00e9vrier, alors pensez \u00e0 v\u00e9rifier vos SPAMS ! <\/p>\n\n\n\n<p>L&#8217;acte d&#8217;achat fait office d&#8217;adh\u00e9sion implicite \u00e0 la charte de participation stipul\u00e9e plus haut.<\/p>\n\n\n\n\n\n<figure class=\"wp-block-image\"><img alt=\"\"\/><\/figure>\n\n\n\n<p><\/p>\n\n\n\n<p><\/p>\n\n\n\n<figure class=\"wp-block-image size-full\"><a href=\"https:\/\/www.pagans.eu\/wp-content\/uploads\/2025\/01\/cheque-visuel-1.jpg\" rel=\"wp-prettyPhoto[7973]\"><img loading=\"lazy\" width=\"220\" height=\"99\" src=\"https:\/\/www.pagans.eu\/wp-content\/uploads\/2025\/01\/cheque-visuel-1.jpg\" alt=\"\" class=\"wp-image-8021\"\/><\/a><\/figure>\n\n\n\n<p>-Si vous souhaitez r\u00e9gler par ch\u00e8que, celui devra \u00eatre transmis par courrier et devra arriver la veille du 14 f\u00e9vrier au plus tard. <strong>Joignez sur une lettre le nombre de places d\u00e9sir\u00e9es,<\/strong> le nom de chaque participant, <strong>et surtout une adresse email s\u00fbre o\u00f9 nous pourrons vous envoyer vos places.<\/strong><\/p>\n\n\n\n<p><strong>ATTENTION <\/strong>: Le nombre maximum de places vendables est de 5 ! Si vous envoyez un ch\u00e8que d&#8217;un montant sup\u00e9rieur au nombre maximum de places achetables ou au nombre de places d\u00e9sir\u00e9es, <strong>la diff\u00e9rence exc\u00e9dentaire sera consid\u00e9r\u00e9e comme un don<\/strong> \u00e0 l&#8217;association PAGANS L. P. Exemple : vous envoyez <strong>84\u20ac, vous recevrez 5 places m\u00eame si vous en souhaitez 7<\/strong>. Autre exemple : Si vous demandez 2 places et que vous faites un ch\u00e8que de 40\u20ac, les 16\u20ac suppl\u00e9mentaires seront consid\u00e9r\u00e9es comme don.<\/p>\n\n\n\n<p><strong>Seules les places pour la conf\u00e9rence sont en ventes par correspondance <\/strong>(12\u20ac par personne) Les places balade-visite dans Paris devront \u00eatre achet\u00e9es sur place lors de la conf\u00e9rence.<\/p>\n\n\n\n<p><strong>Mettre votre ch\u00e8que \u00e0 l&#8217;ordre de : PAGANS L. P. <\/strong>  <\/p>\n\n\n\n<p>Voici l&#8217;adresse o\u00f9 envoyer votre lettre et votre ch\u00e8que :<\/p>\n\n\n\n<p>ESPRIT VIKING<\/p>\n\n\n\n<p>22 rue Couesnon<\/p>\n\n\n\n<p>50170 Pontorson<\/p>\n\n\n\n<p><\/p>\n\n\n\n<p><strong>AUCUN BILLET CONFERENCE NE SERA VENDU SUR PLACE, TOUS LES BILLETS DOIVENT \u00caTRE ACHET\u00c9S AVANT LE 14 FEVRIER<\/strong><\/p>\n\n\n\n<p>Informations : pagans@esprit-viking.com<\/p>\n","protected":false},"excerpt":{"rendered":"<p>L&#8217;\u00e9v\u00e9nement principal, c&#8217;est la conf\u00e9rence HIS-TOR-IQUE d&#8217;Oleg de Normandie \u00e0 Paris ! D&#8217;autres \u00e9v\u00e9nements auront lieu juste apr\u00e8s la conf\u00e9rence : -S\u00e9ance de d\u00e9dicace -Rencontres autour d&#8217;un pot de l&#8217;amiti\u00e9 -Enfin, en option le lendemain, balade<\/p>\n","protected":false},"author":5,"featured_media":7989,"comment_status":"open","ping_status":"closed","sticky":false,"template":"","format":"standard","meta":[],"categories":[18],"tags":[213,216],"translation":{"provider":"WPGlobus","version":"2.10.4","language":"en","enabled_languages":["fr","en"],"languages":{"fr":{"title":true,"content":true,"excerpt":false},"en":{"title":false,"content":false,"excerpt":false}}},"_links":{"self":[{"href":"https:\/\/www.pagans.eu\/en\/wp-json\/wp\/v2\/posts\/7973"}],"collection":[{"href":"https:\/\/www.pagans.eu\/en\/wp-json\/wp\/v2\/posts"}],"about":[{"href":"https:\/\/www.pagans.eu\/en\/wp-json\/wp\/v2\/types\/post"}],"author":[{"embeddable":true,"href":"https:\/\/www.pagans.eu\/en\/wp-json\/wp\/v2\/users\/5"}],"replies":[{"embeddable":true,"href":"https:\/\/www.pagans.eu\/en\/wp-json\/wp\/v2\/comments?post=7973"}],"version-history":[{"count":27,"href":"https:\/\/www.pagans.eu\/en\/wp-json\/wp\/v2\/posts\/7973\/revisions"}],"predecessor-version":[{"id":8026,"href":"https:\/\/www.pagans.eu\/en\/wp-json\/wp\/v2\/posts\/7973\/revisions\/8026"}],"wp:featuredmedia":[{"embeddable":true,"href":"https:\/\/www.pagans.eu\/en\/wp-json\/wp\/v2\/media\/7989"}],"wp:attachment":[{"href":"https:\/\/www.pagans.eu\/en\/wp-json\/wp\/v2\/media?parent=7973"}],"wp:term":[{"taxonomy":"category","embeddable":true,"href":"https:\/\/www.pagans.eu\/en\/wp-json\/wp\/v2\/categories?post=7973"},{"taxonomy":"post_tag","embeddable":true,"href":"https:\/\/www.pagans.eu\/en\/wp-json\/wp\/v2\/tags?post=7973"}],"curies":[{"name":"wp","href":"https:\/\/api.w.org\/{rel}","templated":true}]}}