{"id":7503,"date":"2020-07-01T17:57:41","date_gmt":"2020-07-01T15:57:41","guid":{"rendered":"http:\/\/www.pagans.eu\/?p=7503"},"modified":"2020-09-09T11:16:14","modified_gmt":"2020-09-09T09:16:14","slug":"les-juges-ignorent-lorigine-viking-de-la-justice","status":"publish","type":"post","link":"https:\/\/www.pagans.eu\/en\/les-juges-ignorent-lorigine-viking-de-la-justice\/","title":{"rendered":"Thor, le p\u00e8re du droit et de la justice !"},"content":{"rendered":"<p>Le lavage de cerveau perp\u00e9tu\u00e9 dans notre soci\u00e9t\u00e9 par le Vatican est si profond, que les juges eux-m\u00eames ignorent l&#8217;origine de leurs outils symboliques, le marteau et la balance de la justice ! Pourquoi ? Tout simplement parce-que cela vient d&#8217;un dieu &#8220;pa\u00efen&#8221;, l&#8217;inquisition a fait des ravages que nous allons r\u00e9parer.<\/p>\n<p>Vous vous \u00eates toujours demand\u00e9 pourquoi le marteau de Thor avait ce design si particulier, esth\u00e9tique certes, mais qui finalement ne ressemble pas tellement \u00e0 un marteau conventionnel. Et pour cause, il est en r\u00e9alit\u00e9 une fusion entre un marteau et LIRE LA SUITE DE L&#8217;ARTICLE ICI :&nbsp;<a href=\"http:\/\/esprit-viking.com\/thor-le-dieu-pere-du-droit-et-de-la-justice\/\">http:\/\/esprit-viking.com\/thor-le-dieu-pere-du-droit-et-de-la-justice\/<\/a><\/p>\n","protected":false},"excerpt":{"rendered":"<p>Le lavage de cerveau perp\u00e9tu\u00e9 dans notre soci\u00e9t\u00e9 par le Vatican est si profond, que les juges eux-m\u00eames ignorent l&#8217;origine de leurs outils symboliques, le marteau et la balance de la justice ! Pourquoi ? Tout<\/p>\n","protected":false},"author":5,"featured_media":7532,"comment_status":"open","ping_status":"closed","sticky":false,"template":"","format":"standard","meta":[],"categories":[18,40],"tags":[254,251,253,216,204,252,85],"translation":{"provider":"WPGlobus","version":"2.10.4","language":"en","enabled_languages":["fr","en"],"languages":{"fr":{"title":true,"content":true,"excerpt":false},"en":{"title":false,"content":false,"excerpt":false}}},"_links":{"self":[{"href":"https:\/\/www.pagans.eu\/en\/wp-json\/wp\/v2\/posts\/7503"}],"collection":[{"href":"https:\/\/www.pagans.eu\/en\/wp-json\/wp\/v2\/posts"}],"about":[{"href":"https:\/\/www.pagans.eu\/en\/wp-json\/wp\/v2\/types\/post"}],"author":[{"embeddable":true,"href":"https:\/\/www.pagans.eu\/en\/wp-json\/wp\/v2\/users\/5"}],"replies":[{"embeddable":true,"href":"https:\/\/www.pagans.eu\/en\/wp-json\/wp\/v2\/comments?post=7503"}],"version-history":[{"count":0,"href":"https:\/\/www.pagans.eu\/en\/wp-json\/wp\/v2\/posts\/7503\/revisions"}],"wp:featuredmedia":[{"embeddable":true,"href":"https:\/\/www.pagans.eu\/en\/wp-json\/wp\/v2\/media\/7532"}],"wp:attachment":[{"href":"https:\/\/www.pagans.eu\/en\/wp-json\/wp\/v2\/media?parent=7503"}],"wp:term":[{"taxonomy":"category","embeddable":true,"href":"https:\/\/www.pagans.eu\/en\/wp-json\/wp\/v2\/categories?post=7503"},{"taxonomy":"post_tag","embeddable":true,"href":"https:\/\/www.pagans.eu\/en\/wp-json\/wp\/v2\/tags?post=7503"}],"curies":[{"name":"wp","href":"https:\/\/api.w.org\/{rel}","templated":true}]}}