{"id":7223,"date":"2019-10-18T16:24:40","date_gmt":"2019-10-18T14:24:40","guid":{"rendered":"http:\/\/www.pagans.eu\/?p=7223"},"modified":"2019-10-19T09:15:37","modified_gmt":"2019-10-19T07:15:37","slug":"le-genocide-gaulois-1er-crime-contre-lhumanite-de-lhistoire-toujours-pas-reconnu-signez-la-petition","status":"publish","type":"post","link":"https:\/\/www.pagans.eu\/en\/le-genocide-gaulois-1er-crime-contre-lhumanite-de-lhistoire-toujours-pas-reconnu-signez-la-petition\/","title":{"rendered":"Le g\u00e9nocide Gaulois, 1er crime contre l&#8217;humanit\u00e9 de l&#8217;histoire, toujours pas reconnu ! Signez la p\u00e9tition !"},"content":{"rendered":"<h3 style=\"text-align: center;\">P\u00e9tition en fin d&#8217;article, interview de Lucian Canfora sur la colonisation romaine des gaules et le syst\u00e8me esclavagiste romain<\/h3>\n<h3 style=\"text-align: center;\"><strong>Pline l&#8217;ancien : &#8220;La guerre des gaules fut un crime contre le genre humain&#8221;<\/strong><\/h3>\n<p class=\"chapo title_gamma\">Rome n&#8217;a pas oubli\u00e9 C\u00e9sar. Devant le Colis\u00e9e, cet \u00e9t\u00e9, des soldats imp\u00e9riaux d\u00e9bonnaires en sandales et baudrier crient son nom pour divertir les hordes de touristes barbares. Face au Panth\u00e9on, des supporteurs, qui f\u00eatent la victoire &#8211; his-to-ri-que! &#8211; de l&#8217;AS Roma dans le championnat d&#8217;Italie, agitent des drapeaux sur lesquels on lit: \u00abVeni, vidi, vici!\u00bb&#8230; Au pays de Berlusconi, le pass\u00e9 antique, f\u00fbt-il folklorique, a toujours valeur de symbole, rappelant qu&#8217;il fut un temps &#8211; fier, conqu\u00e9rant, glorieux &#8211; o\u00f9 l&#8217;Europe \u00e9tait romaine&#8230; Glorieux&#8221; L&#8217;historien Luciano Canfora, professeur \u00e0 l&#8217;universit\u00e9 de Bari, auteur de La Tol\u00e9rance et la vertu (\u00e9d. Desjonqu\u00e8res) et d&#8217;une magistrale biographie de C\u00e9sar, C\u00e9sar, le dictateur d\u00e9mocrate (Flammarion), a revu cette p\u00e9riode \u00e0 la lumi\u00e8re des chroniqueurs de l&#8217;Antiquit\u00e9. C&#8217;est pis que ce que l&#8217;on croyait: la d\u00e9mocratie \u00e9tait un leurre, et la conqu\u00eate, un g\u00e9nocide&#8230; Et pourtant, explique Canfora, c&#8217;est bien dans ce creuset que na\u00eet une id\u00e9e, celle d&#8217;une Europe moderne, unifi\u00e9e, qui va d\u00e9sormais nous hanter&#8230;<\/p>\n<h4 style=\"text-align: center;\">&#8220;La pax romana, c&#8217;\u00e9tait la guerre !&#8221;<\/h4>\n<p><strong>Jules C\u00e9sar, et la romanisation, \u00e0 l&#8217;origine de l&#8217;Europe moderne&#8230; C&#8217;est ce que vous sugg\u00e9rez dans la biographie extr\u00eamement document\u00e9e que vous avez consacr\u00e9e au dictateur. C\u00e9sar d\u00e9peint en premier Europ\u00e9en, c&#8217;est quand m\u00eame un peu provocateur, non?<\/strong><br \/>\nL&#8217;historien allemand Droysen avan\u00e7ait cette comparaison pol\u00e9mique: comme Alexandre le Grand a cr\u00e9\u00e9 la civilisation hell\u00e9nistique au IVe si\u00e8cle avant l&#8217;\u00e8re chr\u00e9tienne en r\u00e9unissant la Gr\u00e8ce et l&#8217;Orient, Jules C\u00e9sar aurait fond\u00e9 la civilisation europ\u00e9enne occidentale en m\u00ealant le monde du Sud et le monde celtique. Ce qu&#8217;Alexandre a fait pour l&#8217;Orient, C\u00e9sar l&#8217;a fait pour l&#8217;Occident, qui est donc n\u00e9 de la conqu\u00eate romaine&#8230; Mais il y a une diff\u00e9rence de taille: l&#8217;entreprise de C\u00e9sar fut sanglante, elle a \u00e9trangl\u00e9 la civilisation pr\u00e9c\u00e9dente par un v\u00e9ritable g\u00e9nocide, et a \u00e9t\u00e9 men\u00e9e afin non pas de propager la culture latine, mais bien pour satisfaire sa carri\u00e8re personnelle.&nbsp;<\/p>\n<div id=\"block_pub_pave1\" class=\"block_pub block_pub_pave1\"><img loading=\"lazy\" class=\"wp-image-7229 aligncenter\" src=\"https:\/\/www.pagans.eu\/wp-content\/uploads\/2019\/10\/CARTEeuropeRomaine_VS_CELTE.png\" alt=\"\" width=\"388\" height=\"372\" srcset=\"https:\/\/www.pagans.eu\/wp-content\/uploads\/2019\/10\/CARTEeuropeRomaine_VS_CELTE.png 950w, https:\/\/www.pagans.eu\/wp-content\/uploads\/2019\/10\/CARTEeuropeRomaine_VS_CELTE-300x288.png 300w, https:\/\/www.pagans.eu\/wp-content\/uploads\/2019\/10\/CARTEeuropeRomaine_VS_CELTE-768x737.png 768w, https:\/\/www.pagans.eu\/wp-content\/uploads\/2019\/10\/CARTEeuropeRomaine_VS_CELTE-600x576.png 600w\" sizes=\"(max-width: 388px) 100vw, 388px\" \/><\/div>\n<p><strong>Le dessein des Romains n&#8217;\u00e9tait donc pas de cr\u00e9er une Europe unifi\u00e9e sous leur contr\u00f4le? La conqu\u00eate \u00e9tait pourtant bien amorc\u00e9e depuis les guerres puniques.<\/strong><br \/>\nAttention! Nous avons toujours tendance \u00e0 regarder le d\u00e9roulement de l&#8217;Histoire comme in\u00e9vitable, comme s&#8217;il n&#8217;y avait eu qu&#8217;une seule voie possible, celle que nous connaissons. Si l&#8217;on fait de l&#8217; \u00abHistoire hypoth\u00e9tique\u00bb et que l&#8217;on imagine par exemple qu&#8217;Hannibal ait gagn\u00e9 contre Scipion, on aurait eu un empire hell\u00e9nique en Italie m\u00e9ridionale et en Afrique&#8230; Non, il n&#8217;\u00e9tait pas inscrit dans le destin de l&#8217;Europe du Midi qu&#8217;elle devait devenir romaine. Rappelons qu&#8217; \u00abEurope\u00bb est un mot grec: H\u00e9rodote en parle d&#8217;ailleurs comme d&#8217;un ensemble tr\u00e8s limit\u00e9. Pour les Romains, il y a l&#8217;Italie et ses provinces, c&#8217;est tout. L&#8217;Europe romaine est une id\u00e9e d&#8217;historien, une forme de rh\u00e9torique posthume. Et ce n&#8217;\u00e9tait pas non plus l&#8217;ambition premi\u00e8re de C\u00e9sar. Pour lui, la conqu\u00eate \u00e9tait un moyen d&#8217;obtenir des l\u00e9gions, car cela lui donnait un pouvoir r\u00e9el \u00e0 Rome. C&#8217;\u00e9tait donc d&#8217;abord un outil de politique int\u00e9rieure, et en m\u00eame temps un moyen d&#8217;enrichir ses soldats, d&#8217;obtenir de l&#8217;or et des esclaves&#8230;&nbsp;<\/p>\n<div id=\"inread_l\" class=\"pub_content_display\">&nbsp;<\/div>\n<p><strong>Destin ou non, intention ou pas, il n&#8217;emp\u00eache que cette Europe romaine va se faire, et notamment par la guerre des Gaules, qui est, selon vous, une \u00e9tape historique majeure parce qu&#8217;elle engage la romanisation de l&#8217;Occident.<\/strong><br \/>\nOui. De mani\u00e8re d\u00e9finitive, elle coupe en deux le monde celto-germanique, transformant les Celtes en civilisation marginale du monde latin. Jules C\u00e9sar adopte une politique de division, il dresse les peuples les uns contre les autres. Il s&#8217;ensuit huit ans de guerre continuelle, imp\u00e9rialiste. Dans le r\u00e9cit qu&#8217;il trace des guerres en Britannie, Tacite analyse cet imp\u00e9rialisme romain d&#8217;une mani\u00e8re tr\u00e8s convaincante. Salluste \u00e9galement, dans les fragments de ses Histoires, son oeuvre principale, qui a \u00e9t\u00e9 malheureusement en grande partie perdue&#8230; L&#8217;\u00e9l\u00e9ment militaire fut fondamental: les Romains disposaient de techniques de guerre \u00e9volu\u00e9es, ce qui &#8211; c&#8217;est toujours le cas dans l&#8217;Histoire &#8211; permet de devenir non seulement le vainqueur, mais aussi le civilisateur. Ensuite, la post\u00e9rit\u00e9 en vient \u00e0 justifier la violence du conqu\u00e9rant.&nbsp;<\/p>\n<p><strong>A ce propos, vous employez le terme de \u00ablivre noir de la guerre des Gaules\u00bb, et vous parlez d&#8217;un g\u00e9nocide de plus de 1,2 million de victimes, ce qui est vertigineux pour des guerres au corps \u00e0 corps&#8230; On est loin de l&#8217;hagiographie \u00e9crite par C\u00e9sar lui-m\u00eame dans sa Guerre des Gaules.<\/strong><br \/>\nOui. Pline l&#8217;Ancien, qui avance ce chiffre dans son Histoire naturelle, ajoute: \u00abJe ne peux pas placer parmi les titres de gloire un si grave outrage fait au genre humain.\u00bb Plutarque parle de 1 million de victimes et 1 million de prisonniers. On pense qu&#8217;un tiers de la population gauloise aurait \u00e9t\u00e9 \u00e9limin\u00e9 physiquement, ce qui permet d&#8217;oser le mot \u00abg\u00e9nocide\u00bb. Appien annonce 400 000 morts au cours de la seule campagne contre les Usip\u00e8tes et les Tenct\u00e8res, en 55 avant J\u00e9sus-Christ. A Xanten, entre la Meuse et le Rhin, C\u00e9sar feignit de trouver un accord avec les chefs germains, les fit prisonniers et envoya ses l\u00e9gions massacrer hommes, femmes et enfants. La population fut enti\u00e8rement \u00e9limin\u00e9e. Cette monstruosit\u00e9 souleva les protestations de Caton \u00e0 Rome &#8211; non par humanit\u00e9, mais par calcul politique &#8211; et pourtant le S\u00e9nat loua C\u00e9sar. Celui-ci d\u00e9crit d&#8217;ailleurs ses carnages, tel celui des Belges, avec des mots simples: \u00abC&#8217;est ainsi que, sans courir de danger, nos soldats en massacr\u00e8rent autant que la dur\u00e9e du jour le leur permit.\u00bb Voil\u00e0 comment la Gaule et le monde celtique furent immerg\u00e9s, par la violence et le g\u00e9nocide, dans l&#8217;oc\u00e9an de la \u00abcivilisation romaine\u00bb.&nbsp;<\/p>\n<p><img loading=\"lazy\" class=\"wp-image-7228 aligncenter\" src=\"https:\/\/www.pagans.eu\/wp-content\/uploads\/2019\/10\/419f4f1db87902063faf782deb78c842.jpg\" alt=\"\" width=\"393\" height=\"514\" srcset=\"https:\/\/www.pagans.eu\/wp-content\/uploads\/2019\/10\/419f4f1db87902063faf782deb78c842.jpg 564w, https:\/\/www.pagans.eu\/wp-content\/uploads\/2019\/10\/419f4f1db87902063faf782deb78c842-229x300.jpg 229w\" sizes=\"(max-width: 393px) 100vw, 393px\" \/><\/p>\n<p><strong>Comment explique-t-on cette incroyable barbarie?<\/strong><br \/>\nLe mod\u00e8le de cette conqu\u00eate, c&#8217;est la guerre contre les esclaves, exp\u00e9rience centrale dans l&#8217;histoire de la R\u00e9publique romaine. Quand les esclaves s&#8217;\u00e9taient r\u00e9volt\u00e9s, on les avait \u00e9limin\u00e9s physiquement de mani\u00e8re totale. Ce fut le cas en Sicile, \u00e0 partir de &#8211; 135, o\u00f9 fut conduit un massacre complet, et lors de la c\u00e9l\u00e8bre r\u00e9volte de Spartacus, entre &#8211; 73 et &#8211; 71, qui s&#8217;est conclue par l&#8217;\u00e9talage, le long de la via Appia, de milliers d&#8217;esclaves crucifi\u00e9s. Tel \u00e9tait le mod\u00e8le: l&#8217;\u00e9limination compl\u00e8te de l&#8217;adversaire. Elle \u00e9tait justifi\u00e9e par un racisme de base: les esclaves n&#8217;\u00e9taient pas consid\u00e9r\u00e9s comme des hommes. Les autres peuples ne le furent pas non plus. Il \u00e9tait exclu que les Barbares puissent avoir un sens de l&#8217;honneur et de la loyaut\u00e9, comme il sera exclu, pour les conquistadors espagnols, que les Indiens d&#8217;Am\u00e9rique puissent avoir une \u00e2me. Il \u00e9tait donc normal de les exterminer, d&#8217;autant plus que cela contribuait \u00e0 la richesse romaine.&nbsp;<\/p>\n<p><strong>De quelle mani\u00e8re?<\/strong><br \/>\nJ&#8217;en ai la conviction, ce sont ces gigantesques pillages, cette exploitation totale des richesses des pays conquis, ces tonnes d&#8217;or achemin\u00e9es \u00e0 Rome, ces millions de personnes mises en esclavage, qui ont permis \u00e0 l&#8217;Empire romain de durer si longtemps sur un si vaste territoire. L&#8217;\u00e9conomie romaine \u00e9tait fond\u00e9e sur l&#8217;exploitation sauvage qui consistait \u00e0 massacrer ses adversaires ou \u00e0 les asservir, et \u00e0 les d\u00e9pouiller enti\u00e8rement de leurs richesses.&nbsp;<\/p>\n<p><strong>Vous qualifiez C\u00e9sar de \u00abdictateur d\u00e9mocrate\u00bb. On comprend pour dictateur. Mais d\u00e9mocrate?<\/strong><br \/>\nLe mot n&#8217;avait pas alors le m\u00eame sens qu&#8217;aujourd&#8217;hui. Que signifie la d\u00e9mocratie dans la cit\u00e9 antique? \u00abD\u00e9mocratie\u00bb est un mot grec. Pour les Romains, c&#8217;est un terme n\u00e9gatif. Lorsqu&#8217;ils \u00e9voquent Ath\u00e8nes, ils y voient un exc\u00e8s de libert\u00e9. Les vrais \u00abcitoyens romains\u00bb, ce sont en fait des aristocrates, une couche parasitaire qui exploite la masse immense des non-citoyens. C\u00e9sar exerce son pouvoir personnel comme un monarque, \u00e0 travers l&#8217;arm\u00e9e et non pas par l&#8217;\u00e9lection des magistrats. Son mod\u00e8le, c&#8217;est celui, monarchique, charismatique, des grands souverains orientaux, qui deviennent des dieux, et cela s\u00e9duit davantage ses soldats que la vieille R\u00e9publique avec ses \u00e9lections.&nbsp;<\/p>\n<p><strong>Une fois l&#8217;Europe conquise, le mod\u00e8le s&#8217;impose. On dit parfois que certains peuples, comme les Gaulois, aspiraient \u00e0 la civilisation romaine.<\/strong><br \/>\nC&#8217;est comme si Hitler avait gagn\u00e9 la guerre et que l&#8217;on dise que l&#8217;Europe avait souhait\u00e9 \u00eatre germanis\u00e9e! Cette id\u00e9e n&#8217;est que propagande, reprise par les auteurs grecs qui essayaient de plaire aux Romains! Il n&#8217;y a aucune source celtique sur cette \u00e9poque&#8230; Ce fut Simone Weil qui, \u00e0 la fin des ann\u00e9es 1930, dans Hitler et la politique ext\u00e9rieure romaine, a rappel\u00e9 combien les auteurs grecs s&#8217;\u00e9taient montr\u00e9s serviles \u00e0 l&#8217;\u00e9gard de Rome en racontant cette p\u00e9riode.&nbsp;<\/p>\n<p><strong>La romanisation fut donc bien une occupation brutale.<\/strong><br \/>\nOui. Partout, on commence par la r\u00e9pression. On extermine les populations, puis, quand la r\u00e9sistance s&#8217;affaiblit, on s&#8217;allie les \u00e9lites et on leur distribue le plus grand des privil\u00e8ges, la citoyennet\u00e9 romaine. Gagner les classes dirigeantes locales, c&#8217;est le grand secret de la domination romaine. Tacite raconte comment l&#8217;empereur Claude plaidera plus tard devant le S\u00e9nat l&#8217;opportunit\u00e9 d&#8217;accueillir en son sein les notables de Gaule: \u00abLes Grecs n&#8217;ont pas su accorder la citoyennet\u00e9, sauf \u00e0 quelques rois minuscules. Cela a condamn\u00e9 Ath\u00e8nes \u00e0 la d\u00e9cadence.\u00bb La citoyennet\u00e9 est donc utilis\u00e9e comme un instrument d&#8217;unification imp\u00e9riale. C\u00e9sar, lui, n&#8217;a pas l&#8217;id\u00e9e d&#8217;une Europe. Mais d&#8217;une Italie souveraine et de ses provinces&#8230;&nbsp;<\/p>\n<p><img loading=\"lazy\" class=\"size-full wp-image-7233 aligncenter\" src=\"https:\/\/www.pagans.eu\/wp-content\/uploads\/2019\/10\/cruxificationDEUX.jpg\" alt=\"\" width=\"300\" height=\"181\"><\/p>\n<p><strong>Jamais dans l&#8217;Histoire, \u00e0 l&#8217;exception peut-\u00eatre de la tentative nazie, on ne verra pourtant une Europe aussi homog\u00e9n\u00e9is\u00e9e, sur un territoire aussi immense, comme le montre la carte&#8230;<\/strong><br \/>\nC&#8217;est une vision illusoire: cette Europe-l\u00e0 fut en r\u00e9alit\u00e9 \u00e9ph\u00e9m\u00e8re. A l&#8217;est, l&#8217;empire des Parthes \u00e9tait un danger permanent; et on combattait sans interruption sur le Rhin et le Danube. M\u00eame chose dans l&#8217;Angleterre m\u00e9ridionale, m\u00eame chose en Espagne&#8230; La conqu\u00eate de C\u00e9sar \u00e9tait superficielle: elle s&#8217;est implant\u00e9e lentement, d&#8217;abord par les grands axes de communication, les agglom\u00e9rations urbaines. Mais les campagnes n&#8217;\u00e9taient pas contr\u00f4l\u00e9es. Et elles ont r\u00e9sist\u00e9 pendant deux si\u00e8cles, jusqu&#8217;\u00e0 l&#8217;\u00e9poque des Antonins. Pendant tout ce temps, l&#8217;Europe occidentale fut en r\u00e9volte. La lecture de Tacite le montre bien: la guerre \u00e9tait partout. Le seul point fort de l&#8217;Empire romain, c&#8217;\u00e9tait l&#8217;Orient et l&#8217;Afrique du Nord.&nbsp;<\/p>\n<p><strong>Quid de la fameuse pax romana, cette vision d&#8217;un territoire romanis\u00e9 enfin serein et harmonieux?<\/strong><br \/>\nLa pax romana, c&#8217;\u00e9tait la guerre! Du r\u00e9cit que Tite-Live avait consacr\u00e9 aux campagnes d&#8217;Auguste il n&#8217;est rest\u00e9, h\u00e9las, que le sommaire. Mais celui-ci montre tr\u00e8s clairement que l&#8217;on a combattu presque chaque ann\u00e9e! La p\u00e9riode \u00abpacifique\u00bb de l&#8217;Empire est une illusion d&#8217;optique dont nous sommes redevables, une fois encore, aux Grecs, qui ont lou\u00e9 le bonheur, la prosp\u00e9rit\u00e9, la paix et autres bienfaits que Rome aurait offerts au genre humain. En r\u00e9alit\u00e9, les guerres furent incessantes. Au point que, pendant toute cette p\u00e9riode, la population de l&#8217;Ancien Monde n&#8217;augmenta pas.&nbsp;<\/p>\n<p><strong>Il \u00e9tait donc logique, en somme, que l&#8217;Empire s&#8217;effondr\u00e2t&#8230;<\/strong><br \/>\nCela s&#8217;est produit \u00e0 partir du IIIe si\u00e8cle apr\u00e8s J\u00e9sus-Christ, quand les Romains ne furent plus en mesure de conqu\u00e9rir de nouveaux esclaves et de nouvelles richesses. Alors, la d\u00e9cadence a commenc\u00e9. Le grand historien anglais Arnold Toynbee proph\u00e9tisait: \u00abLa mani\u00e8re dont s&#8217;est termin\u00e9 l&#8217;Empire romain est un pr\u00e9lude \u00e0 notre histoire future.\u00bb Mais ce n&#8217;est qu&#8217;une proph\u00e9tie, bien s\u00fbr&#8230; Ce qui unissait les soci\u00e9t\u00e9s anciennes, c&#8217;\u00e9tait la r\u00e9alit\u00e9 de l&#8217;esclavage. Et ce que nous a l\u00e9gu\u00e9 le pass\u00e9, nous le devons surtout aux esclaves, qui sont toujours cach\u00e9s quelque part derri\u00e8re le tableau.&nbsp;<\/p>\n<p><img loading=\"lazy\" class=\"wp-image-7231 aligncenter\" src=\"https:\/\/www.pagans.eu\/wp-content\/uploads\/2019\/10\/esclaves-spartacus.jpg\" alt=\"\" width=\"634\" height=\"289\" srcset=\"https:\/\/www.pagans.eu\/wp-content\/uploads\/2019\/10\/esclaves-spartacus.jpg 766w, https:\/\/www.pagans.eu\/wp-content\/uploads\/2019\/10\/esclaves-spartacus-300x137.jpg 300w, https:\/\/www.pagans.eu\/wp-content\/uploads\/2019\/10\/esclaves-spartacus-600x273.jpg 600w\" sizes=\"(max-width: 634px) 100vw, 634px\" \/><\/p>\n<p><strong>\u00abQuelle Europe aurions-nous sans C\u00e9sar?\u00bb vous demandez-vous dans votre biographie, sans donner de r\u00e9ponse.<\/strong><br \/>\nQui peut le dire? Les Celtes et les populations germaniques auraient peut-\u00eatre entam\u00e9 une destruction r\u00e9ciproque. Ou une entente, ce qui s&#8217;est, au fond, produit par la suite&#8230;&nbsp;<\/p>\n<p><strong>Que reste-t-il de l&#8217;Europe de C\u00e9sar maintenant?<\/strong><br \/>\nLes axes de communication, l&#8217;architecture des villes, l&#8217;organisation internationale du commerce, l&#8217;administration en provinces&#8230; Et le droit romain, qui s&#8217;est construit au fil du temps&#8230; Mais le droit germanique a subsist\u00e9 aussi jusqu&#8217;\u00e0 aujourd&#8217;hui, ce qui prouve que le mod\u00e8le romain ne s&#8217;imposait pas obligatoirement.&nbsp;<\/p>\n<p><strong>Vous n&#8217;h\u00e9sitez pas \u00e0 chercher des comparaisons entre le c\u00e9sarisme et le fascisme. En histoire, l&#8217;analogie n&#8217;est plus un tabou?<\/strong><br \/>\nComprendre comment l&#8217;Europe est devenue fasciste \u00e0 un certain moment exige une compr\u00e9hension historique profonde. L&#8217;analogie est \u00e9videmment dangereuse, elle peut \u00eatre trompeuse. Mais elle est in\u00e9vitable, car elle est une mani\u00e8re de lire notre pass\u00e9. On sait que le fascisme est un produit italien, qui a commenc\u00e9 ici au d\u00e9but du XXe si\u00e8cle, et que Mussolini sollicitait volontiers l&#8217;image de C\u00e9sar, d&#8217;Auguste et de Napol\u00e9on. L&#8217;imaginaire fonctionne aussi comme facteur d&#8217;Histoire, on ne peut le nier. Bien s\u00fbr, Jules C\u00e9sar ne peut pas \u00eatre sorti de son contexte. C&#8217;est un pur produit de son \u00e9poque, intelligent, curieux, cultiv\u00e9, bien plus int\u00e9ressant qu&#8217;Auguste. Et il n&#8217;avait pas conscience d&#8217;avoir cr\u00e9\u00e9 un mod\u00e8le. Mais le c\u00e9sarisme vit encore aujourd&#8217;hui: la tentation bonapartiste, le rapport charismatique entre les masses et le chef, la dictature militaire, tout cela se niche encore \u00e0 l&#8217;int\u00e9rieur des institutions. Et m\u00eame dans les d\u00e9mocraties occidentales&#8230;&nbsp;<\/p>\n<p>source :&nbsp;https:\/\/www.lexpress.fr\/informations\/luciano-canfora-la-pax-romana-c-etait-la-guerre_643047.html<\/p>\n<h2 style=\"text-align: center;\">Pour faire reconna\u00eetre le g\u00e9nocide gaulois, c&#8217;est ici :<\/h2>\n<p>Notre nation et son peuple souffre d&#8217;un traumatisme toujours pas reconnu : le g\u00e9nocide des Gaulois, le premier crime contre l&#8217;humanit\u00e9 de l&#8217;histoire est toujours ignor\u00e9 par la r\u00e9publique. Si l&#8217;on veut qu&#8217;une blessure gu\u00e9risse, il ne faut pas l&#8217;ignorer mais la soigner ! La r\u00e9publique reconnait plusieurs g\u00e9nocides mais pas celui des Gaulois, pourquoi cette diff\u00e9rence de traitement ? Je vous encourage \u00e0 signer la p\u00e9tition pour la reconnaissance du g\u00e9nocide Gaulois :<\/p>\n<p>Signer la p\u00e9tition :&nbsp;<a href=\"https:\/\/www.change.org\/p\/pagans-esprit-viking-com-reconnaissance-du-g%C3%A9nocide-gaulois-comme-crime-contre-l-humanit%C3%A9\">https:\/\/www.change.org\/p\/pagans-esprit-viking-com-reconnaissance-du-g%C3%A9nocide-gaulois-comme-crime-contre-l-humanit%C3%A9<\/a><\/p>\n<p><img loading=\"lazy\" class=\"wp-image-7227 aligncenter\" src=\"https:\/\/www.pagans.eu\/wp-content\/uploads\/2019\/10\/40e09637325c008896742303866906d6.jpg\" alt=\"\" width=\"545\" height=\"375\" srcset=\"https:\/\/www.pagans.eu\/wp-content\/uploads\/2019\/10\/40e09637325c008896742303866906d6.jpg 800w, https:\/\/www.pagans.eu\/wp-content\/uploads\/2019\/10\/40e09637325c008896742303866906d6-300x206.jpg 300w, https:\/\/www.pagans.eu\/wp-content\/uploads\/2019\/10\/40e09637325c008896742303866906d6-768x528.jpg 768w, https:\/\/www.pagans.eu\/wp-content\/uploads\/2019\/10\/40e09637325c008896742303866906d6-600x413.jpg 600w\" sizes=\"(max-width: 545px) 100vw, 545px\" \/><\/p>\n<p>&nbsp;<\/p>\n<p><em><strong>Vie et mort d&#8217;un empire<\/strong><\/em><br \/>\n<em><strong>753 av. J.-C.<\/strong>: naissance de Rome.<\/em><br \/>\n<em><strong>De 335 \u00e0 270<\/strong>: les Romains partent \u00e0 la conqu\u00eate de la p\u00e9ninsule italienne.<\/em><br \/>\n<em><strong>De 264 \u00e0 146<\/strong>: guerres puniques, contre les Carthaginois. Scipion conquiert l&#8217;Espagne, puis le littoral africain.<\/em><br \/>\n<em><strong>146<\/strong>: en Orient, Rome fait de la Mac\u00e9doine et de la Gr\u00e8ce ses provinces.<\/em><br \/>\n<em><strong>121<\/strong>: la Gaule m\u00e9ridionale devient \u00e0 son tour provincia romana.<\/em><br \/>\n<em><strong>59<\/strong>: C\u00e9sar est \u00e9lu consul.<\/em><br \/>\n<em><strong>De 58 \u00e0 51<\/strong>: guerre des Gaules. C\u00e9sar va jusqu&#8217;en Grande-Bretagne. L&#8217;immense empire aura 14 provinces.<\/em><br \/>\n<em><strong>44<\/strong>: C\u00e9sar est assassin\u00e9 au S\u00e9nat.<\/em><br \/>\n<em><strong>43<\/strong>: l&#8217;Empire est partag\u00e9 entre L\u00e9pide, Antoine et Octave.<\/em><br \/>\n<em>27: Octave prend le titre d&#8217;Auguste. La R\u00e9publique est morte.<\/em><br \/>\n<em><strong>IIe et IIIe si\u00e8cles apr. J.-C.<\/strong>: la pax romana, une paix relative selon Canfora.<\/em><br \/>\n<em><strong>395<\/strong>: l&#8217;Empire, assailli par les Barbares, est partag\u00e9 entre Occident et Orient.<\/em><br \/>\n<em><strong>476<\/strong>: les Barbares s&#8217;emparent de Rome. C&#8217;est la fin de l&#8217;Empire romain d&#8217;Occident.&nbsp;<\/em><\/p>\n<p style=\"text-align: center;\">Le compteur de partages ne fonctionne pas, mais n&#8217;h\u00e9sitez pas \u00e0 diffuser en masse !<\/p>\n","protected":false},"excerpt":{"rendered":"<p>P\u00e9tition en fin d&#8217;article, interview de Lucian Canfora sur la colonisation romaine des gaules et le syst\u00e8me esclavagiste romain Pline l&#8217;ancien : &#8220;La guerre des gaules fut un crime contre le genre humain&#8221; Rome n&#8217;a pas<\/p>\n","protected":false},"author":5,"featured_media":7224,"comment_status":"open","ping_status":"closed","sticky":false,"template":"","format":"standard","meta":[],"categories":[18,42],"tags":[86,212,213,103,210,158,204,105,211],"translation":{"provider":"WPGlobus","version":"2.10.4","language":"en","enabled_languages":["fr","en"],"languages":{"fr":{"title":true,"content":true,"excerpt":false},"en":{"title":false,"content":false,"excerpt":false}}},"_links":{"self":[{"href":"https:\/\/www.pagans.eu\/en\/wp-json\/wp\/v2\/posts\/7223"}],"collection":[{"href":"https:\/\/www.pagans.eu\/en\/wp-json\/wp\/v2\/posts"}],"about":[{"href":"https:\/\/www.pagans.eu\/en\/wp-json\/wp\/v2\/types\/post"}],"author":[{"embeddable":true,"href":"https:\/\/www.pagans.eu\/en\/wp-json\/wp\/v2\/users\/5"}],"replies":[{"embeddable":true,"href":"https:\/\/www.pagans.eu\/en\/wp-json\/wp\/v2\/comments?post=7223"}],"version-history":[{"count":0,"href":"https:\/\/www.pagans.eu\/en\/wp-json\/wp\/v2\/posts\/7223\/revisions"}],"wp:featuredmedia":[{"embeddable":true,"href":"https:\/\/www.pagans.eu\/en\/wp-json\/wp\/v2\/media\/7224"}],"wp:attachment":[{"href":"https:\/\/www.pagans.eu\/en\/wp-json\/wp\/v2\/media?parent=7223"}],"wp:term":[{"taxonomy":"category","embeddable":true,"href":"https:\/\/www.pagans.eu\/en\/wp-json\/wp\/v2\/categories?post=7223"},{"taxonomy":"post_tag","embeddable":true,"href":"https:\/\/www.pagans.eu\/en\/wp-json\/wp\/v2\/tags?post=7223"}],"curies":[{"name":"wp","href":"https:\/\/api.w.org\/{rel}","templated":true}]}}