{"id":6962,"date":"2019-06-21T17:30:19","date_gmt":"2019-06-21T15:30:19","guid":{"rendered":"http:\/\/www.pagans.eu\/?p=6962"},"modified":"2019-06-21T17:42:41","modified_gmt":"2019-06-21T15:42:41","slug":"solstice-dete-litha-sens-et-symbolique-dune-fete-hyperboreenne","status":"publish","type":"post","link":"https:\/\/www.pagans.eu\/en\/solstice-dete-litha-sens-et-symbolique-dune-fete-hyperboreenne\/","title":{"rendered":"Solstice d&#8217;\u00e9t\u00e9, LITHA , sens et symbolique d&#8217;une f\u00eate Hyperbor\u00e9enne"},"content":{"rendered":"<h4>Le solstice d&#8217;\u00e9t\u00e9 : \u00e9v\u00e9nement astronomique<\/h4>\n<p>C&#8217;est le moment de l&#8217;ann\u00e9e o\u00f9 le sommet d&#8217;Atlas\/Irminsul (l&#8217;axe de rotation de la terre, dont le sommet est le p\u00f4le Nord et son prolongement cosmique jusqu&#8217;\u00e0 l&#8217;\u00e9toile polaire) est le plus proche du soleil. L&#8217;axe de rotation de la terre Atlas\/Irmin, l&#8217;arbre cosmique, est en permanence inclin\u00e9 de 23.6\u00b0 par rapport au plan \u00e9cliptique,&nbsp; mais il pr\u00e9sente toujours l&#8217;un de ses p\u00f4les, Nord ou Sud en avant l&#8217;un par rapport \u00e0 l&#8217;autre, mise \u00e0 part \u00e0 l&#8217;\u00e9quinoxe, o\u00f9 chaque p\u00f4le est \u00e0 \u00e9gale distance du Soleil. Le solstice d&#8217;\u00e9t\u00e9 de cette ann\u00e9e 2019 a lieu exactement le 21 juin \u00e0 17H54.<\/p>\n<p>En terme astronomique, on dit que le soleil atteint ses positions les plus m\u00e9ridionales et septentrionales, respectivement au tropique du Capricorne c\u00e9leste et au tropique du Cancer c\u00e9leste. Au solstice d&#8217;\u00e9t\u00e9 dans l&#8217;h\u00e9misph\u00e8re Nord, c&#8217;est la journ\u00e9e la plus longue de l&#8217;ann\u00e9e, dans l&#8217;h\u00e9misph\u00e8re Sud, c&#8217;est la plus courte.<\/p>\n<p><img loading=\"lazy\" class=\"size-full wp-image-6969 aligncenter\" src=\"https:\/\/www.pagans.eu\/wp-content\/uploads\/2019\/06\/solstices-1.png\" alt=\"\" width=\"700\" height=\"302\" srcset=\"https:\/\/www.pagans.eu\/wp-content\/uploads\/2019\/06\/solstices-1.png 700w, https:\/\/www.pagans.eu\/wp-content\/uploads\/2019\/06\/solstices-1-300x129.png 300w, https:\/\/www.pagans.eu\/wp-content\/uploads\/2019\/06\/solstices-1-600x259.png 600w\" sizes=\"(max-width: 700px) 100vw, 700px\" \/><\/p>\n<p><strong>Etymologie<\/strong><\/p>\n<p>Solstice vient du Latin <em>solstitium<\/em>, <em>sol<\/em> (soleil) et <em>sistere<\/em>(se placer, se tenir, s&#8217;arr\u00eater) car le soleil semble arr\u00eater son cycle de lever\/coucher, la journ\u00e9e \u00e9tant tr\u00e8s longue, et \u00e0 partir de 67.4\u00b0 de latitude Nord, le soleil ne se couche pas de la nuit ! Ainsi le Soleil invaincu &#8220;Sol invictus&#8221; se maintient dans le ciel toute la nuit, il a comme arr\u00eat\u00e9 son cycle. Sol est \u00e0 mettre en rapport avec la d\u00e9esse Sol de la mythologie nordique, Sol tire le char du Soleil.<\/p>\n<p><img loading=\"lazy\" class=\"size-full wp-image-6967 aligncenter\" src=\"https:\/\/www.pagans.eu\/wp-content\/uploads\/2019\/06\/litha1.jpg\" alt=\"\" width=\"218\" height=\"344\" srcset=\"https:\/\/www.pagans.eu\/wp-content\/uploads\/2019\/06\/litha1.jpg 218w, https:\/\/www.pagans.eu\/wp-content\/uploads\/2019\/06\/litha1-190x300.jpg 190w\" sizes=\"(max-width: 218px) 100vw, 218px\" \/><\/p>\n<h4>La f\u00eate Traditionnelle<\/h4>\n<p>Cette f\u00eate s&#8217;appelle LITHA, elle remonte aux premiers temps de l&#8217;humanit\u00e9, \u00e0 une \u00e9poque o\u00f9 les anc\u00eatres semblaient vivre dans le cercle polaire, puisqu&#8217;elle symbolise le &#8220;sol invictus&#8221; soleil invaincu, que l&#8217;on se rem\u00e9more sous nos latitudes plus m\u00e9ridionales en faisant perdurer le feu toute la nuit, feu symbolisant le soleil polaire invaincu.<\/p>\n<p>Les dieux solaires sont : Balder et Sol (nordiques), B\u00e9l\u00e9nos (kelte gaulois), Appolon et Helios (Gr\u00e8ce), R\u00e2 (\u00e9gypte), Baal(m\u00e9sopotamie) et Agni (Inde)<\/p>\n<p>La lumi\u00e8re du soleil ensemence la terre, la chaleur f\u00e9conde et donne la vie, le soleil est philosophiquement vu comme masculin et la terre comme la d\u00e9esse m\u00e8re. Au solstice, le soleil atteint son apog\u00e9e et va changer de mouvement, il va commencer \u00e0 d\u00e9cro\u00eetre de jour en jour jusqu&#8217;au prochain solstice d&#8217;hiver, au cours duquel il rena\u00eetra.<\/p>\n<p><img loading=\"lazy\" class=\"size-full wp-image-6965 aligncenter\" src=\"https:\/\/www.pagans.eu\/wp-content\/uploads\/2019\/06\/65840607.jpg\" alt=\"\" width=\"360\" height=\"288\" srcset=\"https:\/\/www.pagans.eu\/wp-content\/uploads\/2019\/06\/65840607.jpg 360w, https:\/\/www.pagans.eu\/wp-content\/uploads\/2019\/06\/65840607-300x240.jpg 300w\" sizes=\"(max-width: 360px) 100vw, 360px\" \/><\/p>\n<p><strong>Mythologie<\/strong><\/p>\n<p>Litha est la d\u00e9esse celtique de la prosp\u00e9rit\u00e9, des moissons \u00e0 venir, de la richesse de la nature. Au solstice d&#8217;\u00e9t\u00e9, la d\u00e9esse Litha va tomber enceinte d&#8217;un dieu qui na\u00eetra \u00e0 Yule(solstice d&#8217;hiver)&#8230; On dit que le roi Ch\u00eane (le dieu de l&#8217;ann\u00e9e qui cro\u00eet) combat le roi Houx (dieu de l&#8217;ann\u00e9e qui d\u00e9cro\u00eet), c&#8217;est le roi Houx qui remporte la victoire et s&#8217;assoit sur le tr\u00f4ne de bois vert, c&#8217;est le nouveau roi de la for\u00eat, il r\u00e9gnera jusqu&#8217;au solstice d&#8217;hiver. Mais bien que le Houx emporte le combat du solstice d&#8217;\u00e9t\u00e9 et f\u00e9conde Litha, c&#8217;est bien du roi Ch\u00eane que Litha accouchera \u00e0 Yule ! Les forces solaires sont repr\u00e9sent\u00e9es par l&#8217;homme Vert, entit\u00e9 qui se trouve dans les bois (et qui agit comme une sorte de gardien). L&#8217;homme vert, le roi vert se manifeste dans le dieu kelte cornu Kernunos, dieu \u00e0 cornes de cerfs (d&#8217;o\u00f9 le nom Latinis\u00e9 Cernunos), qui rena\u00eet \u00e0 Yule, le roi Ch\u00eane reprendra le titre de roi de la for\u00eat, les forces solaires l&#8217;auront emport\u00e9 sur les forces sombres. Kernunos c&#8217;est aussi dans la zodiaque le signe du capricorne, qui d\u00e9marre le 20 d\u00e9cembre juste avant le solstice d&#8217;hiver, qui sera le jour de la renaissance du dieu solaire.<\/p>\n<p><img loading=\"lazy\" class=\"wp-image-6975 aligncenter\" src=\"https:\/\/www.pagans.eu\/wp-content\/uploads\/2019\/06\/kern.jpg\" alt=\"\" width=\"705\" height=\"513\" srcset=\"https:\/\/www.pagans.eu\/wp-content\/uploads\/2019\/06\/kern.jpg 954w, https:\/\/www.pagans.eu\/wp-content\/uploads\/2019\/06\/kern-300x218.jpg 300w, https:\/\/www.pagans.eu\/wp-content\/uploads\/2019\/06\/kern-768x559.jpg 768w, https:\/\/www.pagans.eu\/wp-content\/uploads\/2019\/06\/kern-600x436.jpg 600w\" sizes=\"(max-width: 705px) 100vw, 705px\" \/><\/p>\n<p>&nbsp;<\/p>\n<p>Litha est une p\u00e9riode de purification, de gu\u00e9rison et surtout de c\u00e9l\u00e9bration. C&#8217;est le temps des c\u00e9l\u00e9brations ext\u00e9rieures, l&#8217;on a coutume d&#8217;allumer un feu, de s&#8217;\u00e9changer des plantes m\u00e9dicinales. On c\u00e9l\u00e8bre la fertilit\u00e9 et l&#8217;amour, c&#8217;est l&#8217;\u00e9poque des mariages. Dans de nombreux pays d&#8217;europe on continu d&#8217;allumer des feux sur les collines, on participe \u00e0 des processions nocturnes comme les retraites aux flambeaux et on fait descendre des roues enflamm\u00e9es le long des pentes.<\/p>\n<p><img loading=\"lazy\" class=\"size-full wp-image-6970 aligncenter\" src=\"https:\/\/www.pagans.eu\/wp-content\/uploads\/2019\/06\/t\u00e9l\u00e9chargement.jpg\" alt=\"\" width=\"214\" height=\"236\"><\/p>\n<p>La f\u00eate de la musique a remplac\u00e9 le feu de la St Jean et les c\u00e9l\u00e9brations du solstice, les f\u00eates chaleureuses, pleines de sens, de connaissance et de sagesse ont \u00e9t\u00e9 remplac\u00e9es par &#8220;du bruit&#8221;. La Tradition de Litha \u00e9duque nos enfants, autant qu&#8217;elle nous relie avec la nature et ses cycles, elle conscientise les humains \u00e0 la nature. Car plus l&#8217;on s&#8217;\u00e9loigne de la nature, plus on s&#8217;approche de l&#8217;erreur, si notre soci\u00e9t\u00e9 moderne est aussi d\u00e9viante et vid\u00e9e de tout sens, c&#8217;est bien parce-qu&#8217;elle a perdu le contact avec la nature, il serait bon d&#8217;utiliser notre h\u00e9ritage multi-mill\u00e9naire pour nous recentrer, il serait bon faire rena\u00eetre la Tradition de nos anc\u00eatres.<\/p>\n<p>Joyeuse Litha, joyeux solstice et vive la Tradition Hyperbor\u00e9enne !<\/p>\n<p style=\"text-align: right;\">Viriat &amp; Oleg.<\/p>\n<h4>C\u00e9l\u00e9bration<\/h4>\n<p>Savoir faire un feu sans risque, des rituels, des id\u00e9es de c\u00e9r\u00e9monies, de jeux, des chants populaires, tout est dans cet article : <a href=\"https:\/\/www.pagans.eu\/ceremonie-du-solstice-dete-midsommar-litha-st-jean\/\">https:\/\/www.pagans.eu\/ceremonie-du-solstice-dete-midsommar-litha-st-jean\/<\/a>&nbsp;(retrouvez les chants et autres en lien en bas de cet article)<\/p>\n","protected":false},"excerpt":{"rendered":"<p>Le solstice d&#8217;\u00e9t\u00e9 : \u00e9v\u00e9nement astronomique C&#8217;est le moment de l&#8217;ann\u00e9e o\u00f9 le sommet d&#8217;Atlas\/Irminsul (l&#8217;axe de rotation de la terre, dont le sommet est le p\u00f4le Nord et son prolongement cosmique jusqu&#8217;\u00e0 l&#8217;\u00e9toile polaire) est<\/p>\n","protected":false},"author":5,"featured_media":6964,"comment_status":"open","ping_status":"closed","sticky":false,"template":"","format":"standard","meta":[],"categories":[18,40],"tags":[86,186,185,173,105,130,184,85,175],"translation":{"provider":"WPGlobus","version":"2.10.4","language":"en","enabled_languages":["fr","en"],"languages":{"fr":{"title":true,"content":true,"excerpt":false},"en":{"title":false,"content":false,"excerpt":false}}},"_links":{"self":[{"href":"https:\/\/www.pagans.eu\/en\/wp-json\/wp\/v2\/posts\/6962"}],"collection":[{"href":"https:\/\/www.pagans.eu\/en\/wp-json\/wp\/v2\/posts"}],"about":[{"href":"https:\/\/www.pagans.eu\/en\/wp-json\/wp\/v2\/types\/post"}],"author":[{"embeddable":true,"href":"https:\/\/www.pagans.eu\/en\/wp-json\/wp\/v2\/users\/5"}],"replies":[{"embeddable":true,"href":"https:\/\/www.pagans.eu\/en\/wp-json\/wp\/v2\/comments?post=6962"}],"version-history":[{"count":0,"href":"https:\/\/www.pagans.eu\/en\/wp-json\/wp\/v2\/posts\/6962\/revisions"}],"wp:featuredmedia":[{"embeddable":true,"href":"https:\/\/www.pagans.eu\/en\/wp-json\/wp\/v2\/media\/6964"}],"wp:attachment":[{"href":"https:\/\/www.pagans.eu\/en\/wp-json\/wp\/v2\/media?parent=6962"}],"wp:term":[{"taxonomy":"category","embeddable":true,"href":"https:\/\/www.pagans.eu\/en\/wp-json\/wp\/v2\/categories?post=6962"},{"taxonomy":"post_tag","embeddable":true,"href":"https:\/\/www.pagans.eu\/en\/wp-json\/wp\/v2\/tags?post=6962"}],"curies":[{"name":"wp","href":"https:\/\/api.w.org\/{rel}","templated":true}]}}