{"id":6657,"date":"2018-12-14T18:18:59","date_gmt":"2018-12-14T17:18:59","guid":{"rendered":"http:\/\/www.pagans.eu\/?p=6657"},"modified":"2018-12-14T18:25:19","modified_gmt":"2018-12-14T17:25:19","slug":"la-palestine-megalithique-en-mode-pilule-verte-a-366","status":"publish","type":"post","link":"https:\/\/www.pagans.eu\/en\/la-palestine-megalithique-en-mode-pilule-verte-a-366\/","title":{"rendered":"La Palestine m\u00e9galithique en mode pilule verte \u00e0 366\u00b0"},"content":{"rendered":"<p>Conna\u00eetre le r\u00e9seau vert et la culture Hyperbor\u00e9enne, voil\u00e0 deux conditions pour enfin apercevoir la v\u00e9ritable histoire de l&#8217;humanit\u00e9, histoire mise sous verrou par le Vatican il y a plusieurs si\u00e8cles et dont l&#8217;obscurantisme est non seulement perp\u00e9tu\u00e9 de nos jours, mais il est m\u00eame renforc\u00e9 par les confr\u00e9ries ma\u00e7onniques modernes. Les Vikings ayant \u00e9t\u00e9 le dernier peuple d&#8217;Europe occidental \u00e0 avoir cette culture, ils ont \u00e9t\u00e9 diabolis\u00e9s et barbaris\u00e9s, notamment parce-que leur culture renferme la tradition primordiale Hyperbor\u00e9enne, qui est la cl\u00e9 de l&#8217;\u00e9mancipation humaine. Pour les n\u00e9ophytes, nous rappelons que presque tous les peuples anciens poss\u00e9daient cette culture : Les Asiatiques, les Indiens d&#8217;Am\u00e9rique et tous les peuples Europ\u00e9ens, donc par extension les Gaulois, les Hell\u00e8nes, les Ib\u00e8res, les Germains etc&#8230;<\/p>\n<p><a href=\"https:\/\/www.pagans.eu\/wp-content\/uploads\/2018\/12\/Carte-12_tribus_de_Israel_fr.png\" rel=\"wp-prettyPhoto[6657]\"><img loading=\"lazy\" class=\"alignnone size-medium wp-image-6660\" src=\"https:\/\/www.pagans.eu\/wp-content\/uploads\/2018\/12\/Carte-12_tribus_de_Israel_fr-197x300.png\" alt=\"\" width=\"197\" height=\"300\" srcset=\"https:\/\/www.pagans.eu\/wp-content\/uploads\/2018\/12\/Carte-12_tribus_de_Israel_fr-197x300.png 197w, https:\/\/www.pagans.eu\/wp-content\/uploads\/2018\/12\/Carte-12_tribus_de_Israel_fr-768x1169.png 768w, https:\/\/www.pagans.eu\/wp-content\/uploads\/2018\/12\/Carte-12_tribus_de_Israel_fr-673x1024.png 673w, https:\/\/www.pagans.eu\/wp-content\/uploads\/2018\/12\/Carte-12_tribus_de_Israel_fr-600x914.png 600w, https:\/\/www.pagans.eu\/wp-content\/uploads\/2018\/12\/Carte-12_tribus_de_Israel_fr.png 800w\" sizes=\"(max-width: 197px) 100vw, 197px\" \/><\/a><a href=\"https:\/\/www.pagans.eu\/wp-content\/uploads\/2018\/12\/carte.jpg\" rel=\"wp-prettyPhoto[6657]\"><img loading=\"lazy\" class=\"alignnone size-medium wp-image-6659\" src=\"https:\/\/www.pagans.eu\/wp-content\/uploads\/2018\/12\/carte-187x300.jpg\" alt=\"\" width=\"187\" height=\"300\" srcset=\"https:\/\/www.pagans.eu\/wp-content\/uploads\/2018\/12\/carte-187x300.jpg 187w, https:\/\/www.pagans.eu\/wp-content\/uploads\/2018\/12\/carte.jpg 200w\" sizes=\"(max-width: 187px) 100vw, 187px\" \/><\/a><\/p>\n<p><strong>La Palestine de l&#8217;\u00e2ge de Bronze<\/strong><\/p>\n<p>La ville de <strong>Tyr<\/strong> (Sud Liban) a \u00e9t\u00e9 fond\u00e9e en 2200 av. JC, ce qui correspond \u00e0 la migration vers le Sud des Hyperbor\u00e9ens fuyant la submersion du Dogger-bank (ancienne \u00eele en mer du Nord) de 2293 av. JC d&#8217;apr\u00e8s le manuscrit d&#8217;Oera Linda et les \u00e9tudes arch\u00e9ologiques. Tyr f\u00fbt le dieu principal de la mythologie Nordique durant la p\u00e9riode d&#8217;avant J\u00e9sus-Christ, avant d&#8217;\u00eatre supplant\u00e9 par Odin. Il est encore un dieu tr\u00e8s connu, notamment avec le fameux mythe du sacrifice de Tyr.<\/p>\n<p>&nbsp;<\/p>\n<p><a href=\"https:\/\/www.pagans.eu\/wp-content\/uploads\/2018\/12\/PALESTIN-megalitique.png\" rel=\"wp-prettyPhoto[6657]\"><img loading=\"lazy\" class=\"size-medium wp-image-6671 aligncenter\" src=\"https:\/\/www.pagans.eu\/wp-content\/uploads\/2018\/12\/PALESTIN-megalitique-300x169.png\" alt=\"\" width=\"300\" height=\"169\" srcset=\"https:\/\/www.pagans.eu\/wp-content\/uploads\/2018\/12\/PALESTIN-megalitique-300x169.png 300w, https:\/\/www.pagans.eu\/wp-content\/uploads\/2018\/12\/PALESTIN-megalitique-768x432.png 768w, https:\/\/www.pagans.eu\/wp-content\/uploads\/2018\/12\/PALESTIN-megalitique-1024x576.png 1024w, https:\/\/www.pagans.eu\/wp-content\/uploads\/2018\/12\/PALESTIN-megalitique-600x338.png 600w, https:\/\/www.pagans.eu\/wp-content\/uploads\/2018\/12\/PALESTIN-megalitique.png 1280w\" sizes=\"(max-width: 300px) 100vw, 300px\" \/><\/a><\/p>\n<p style=\"text-align: center;\">Cliquer sur la photo pour l&#8217;agrandir<\/p>\n<p>La ville <strong>d&#8217;Ascalon<\/strong>, sonne comme <strong>Avalon<\/strong> et comme <strong>Asgard<\/strong> -&#8220;paradis&#8221; bien terrestre chez les pa\u00efens- dans la mythologie Celte et Nordique, dont on voit qu&#8217;elles furent par le pass\u00e9 confondus, il n&#8217;y avait en effet dans le pass\u00e9 pas de diff\u00e9rence entre Celtes et Germains, celle-ci f\u00fbt cr\u00e9\u00e9e par C\u00e9sar et l&#8217;Eglise Romaine afin de &#8220;diviser pour r\u00e9gner&#8221;. Ascalon se trouve tout juste au Nord de la bande de Gaza, il est surtout situ\u00e9 exactement \u00e0 l&#8217;intersection entre le 37e m\u00e9ridien vert (en partant de Stonehenge) et la c\u00f4te. Elle f\u00fbt fond\u00e9e par les Philistins en 1200 av. JC, ce qui correspond \u00e0 la migration des peuples Hyperbor\u00e9ens fuyant la submersion des derni\u00e8res \u00eeles de la mer du Nord, mais aussi \u00e0 la destruction d&#8217;une bonne partie de l&#8217;Europe Occidentale \u00e0 cause de s\u00e9ismes et d&#8217;incendies cataclysmiques. L&#8217;affrontement de David contre Goliath le Philistin, d\u00e9crit m\u00e9taphoriquement la guerre entre les r\u00e9fugi\u00e9s Nordico-occidentaux et les autochtones du moyen Orient. Cette photo confirme \u00e0 un oeuil averti l&#8217;origine Celto-Nordique des Philistins, (bouclier de type Hyperbor\u00e9en) qui devaient sans doute \u00eatre moins bruns que cela \u00e0 leur d\u00e9barquement.<\/p>\n<p><a href=\"https:\/\/www.pagans.eu\/wp-content\/uploads\/2018\/12\/david-contre-goliath.png\" rel=\"wp-prettyPhoto[6657]\"><img loading=\"lazy\" class=\"size-medium wp-image-6663 aligncenter\" src=\"https:\/\/www.pagans.eu\/wp-content\/uploads\/2018\/12\/david-contre-goliath-300x169.png\" alt=\"\" width=\"300\" height=\"169\" srcset=\"https:\/\/www.pagans.eu\/wp-content\/uploads\/2018\/12\/david-contre-goliath-300x169.png 300w, https:\/\/www.pagans.eu\/wp-content\/uploads\/2018\/12\/david-contre-goliath-768x432.png 768w, https:\/\/www.pagans.eu\/wp-content\/uploads\/2018\/12\/david-contre-goliath-600x338.png 600w, https:\/\/www.pagans.eu\/wp-content\/uploads\/2018\/12\/david-contre-goliath.png 800w\" sizes=\"(max-width: 300px) 100vw, 300px\" \/><\/a><\/p>\n<p>La rivi\u00e8re du <strong>Jourdain<\/strong> prend sa source en haute Galil\u00e9e, au Nord, puis passe par la mer de Galil\u00e9e, avant de se jeter dans la mer morte au Sud. Le Jourdain suit presque exactement le 38e m\u00e9ridien vert, d&#8217;o\u00f9 son caract\u00e8re sacr\u00e9, en effet il fait office de m\u00e9ridien naturel, cas extr\u00eamement rare sur la terre, sans doute unique. La fertilit\u00e9 de la vall\u00e9e du Jourdain -d\u00fb \u00e0 la rivi\u00e8re et peut-\u00eatre, au m\u00e9ridien vert lui-m\u00eame ?- est une exception dans cette r\u00e9gion d\u00e9sertique ce qui lui a valu d&#8217;\u00eatre nomm\u00e9 &#8220;<strong>Jordan<\/strong>&#8221; (nom Anglais de Jourdain)&nbsp; car ce nom provient de <strong>J\u00f6rd<\/strong>, la d\u00e9esse Nordique de la fertilit\u00e9 printani\u00e8re.<\/p>\n<p><a href=\"https:\/\/www.pagans.eu\/wp-content\/uploads\/2018\/12\/jourdain-yardenit.jpg\" rel=\"wp-prettyPhoto[6657]\"><img loading=\"lazy\" class=\"size-medium wp-image-6666 aligncenter\" src=\"https:\/\/www.pagans.eu\/wp-content\/uploads\/2018\/12\/jourdain-yardenit-300x200.jpg\" alt=\"\" width=\"300\" height=\"200\" srcset=\"https:\/\/www.pagans.eu\/wp-content\/uploads\/2018\/12\/jourdain-yardenit-300x200.jpg 300w, https:\/\/www.pagans.eu\/wp-content\/uploads\/2018\/12\/jourdain-yardenit-768x512.jpg 768w, https:\/\/www.pagans.eu\/wp-content\/uploads\/2018\/12\/jourdain-yardenit.jpg 1024w, https:\/\/www.pagans.eu\/wp-content\/uploads\/2018\/12\/jourdain-yardenit-600x400.jpg 600w\" sizes=\"(max-width: 300px) 100vw, 300px\" \/><\/a><\/p>\n<p>&nbsp;<\/p>\n<p><strong>Le Ca\u00efrn ou Pyramide \u00e0 terrasse sous la mer de Galil\u00e9e<\/strong><\/p>\n<p>Un immense Ca\u00efrn de 70 m de long sur 10m de haut se trouve au fond de la mer de Galil\u00e9e (ou Lac de Tib\u00e9riade) dans un \u00e9tat de ruine, partiellement effondr\u00e9. Il nous rappelle les nombreuse construction cyclop\u00e9ennes d&#8217;europe Nordico-occidentale dont le Ca\u00efrn Breton de Barnenez. Ce Ca\u00efrn se trouve en plein sur le m\u00e9ridien vert du Jourdain ! Cette construction date d&#8217;au moins 4000 ans.<\/p>\n<p><a href=\"https:\/\/www.pagans.eu\/wp-content\/uploads\/2018\/12\/pyramidemergalilee-.jpg\" rel=\"wp-prettyPhoto[6657]\"><img loading=\"lazy\" class=\"size-medium wp-image-6667 aligncenter\" src=\"https:\/\/www.pagans.eu\/wp-content\/uploads\/2018\/12\/pyramidemergalilee--300x162.jpg\" alt=\"\" width=\"300\" height=\"162\" srcset=\"https:\/\/www.pagans.eu\/wp-content\/uploads\/2018\/12\/pyramidemergalilee--300x162.jpg 300w, https:\/\/www.pagans.eu\/wp-content\/uploads\/2018\/12\/pyramidemergalilee--768x415.jpg 768w, https:\/\/www.pagans.eu\/wp-content\/uploads\/2018\/12\/pyramidemergalilee--600x325.jpg 600w, https:\/\/www.pagans.eu\/wp-content\/uploads\/2018\/12\/pyramidemergalilee-.jpg 1000w\" sizes=\"(max-width: 300px) 100vw, 300px\" \/><\/a><\/p>\n<p><strong>Dolmen et constructions m\u00e9galithiques<\/strong><\/p>\n<p>Un immense Dolmen a \u00e9t\u00e9 retrouv\u00e9 en Galil\u00e9e, celui-ci a au moins 4000 ans, il contient une enceinte souterraine, un &#8220;Galgal&#8221; c&#8217;est \u00e0 dire un cercle de pierres. Le mot Gal renvoie en effet aux pierres (Galet) mais \u00e9galement au cercle, on sait qu&#8217;il vient du vieux Germain (qu&#8217;on devrait nommer vieux Hyperbor\u00e9en) Wall qui veut dire rempart ou mur de pierre. (W-&gt;G ; William-&gt;Guillaume). Wall\/Gall a donn\u00e9 le nom de nombre de tribus Hyperbor\u00e9ennes : Les Wallons, les Gallois (Welsch), les Gaulois, les Galates, la Galicie et&#8230; les Galil\u00e9ens de J\u00e9sus-Christ ! Dont le nom semblait \u00eatre Yoann de Goth. GAL nous m\u00e8ne naturellement \u00e0 la Rune HaGAL<\/p>\n<p><a href=\"https:\/\/www.pagans.eu\/wp-content\/uploads\/2018\/12\/Dolmen-Field-au-Kibbutz-Shamir-HauteGalilee.jpg\" rel=\"wp-prettyPhoto[6657]\"><img loading=\"lazy\" class=\"size-medium wp-image-6664 aligncenter\" src=\"https:\/\/www.pagans.eu\/wp-content\/uploads\/2018\/12\/Dolmen-Field-au-Kibbutz-Shamir-HauteGalilee-300x170.jpg\" alt=\"\" width=\"300\" height=\"170\" srcset=\"https:\/\/www.pagans.eu\/wp-content\/uploads\/2018\/12\/Dolmen-Field-au-Kibbutz-Shamir-HauteGalilee-300x170.jpg 300w, https:\/\/www.pagans.eu\/wp-content\/uploads\/2018\/12\/Dolmen-Field-au-Kibbutz-Shamir-HauteGalilee-768x436.jpg 768w, https:\/\/www.pagans.eu\/wp-content\/uploads\/2018\/12\/Dolmen-Field-au-Kibbutz-Shamir-HauteGalilee-600x341.jpg 600w, https:\/\/www.pagans.eu\/wp-content\/uploads\/2018\/12\/Dolmen-Field-au-Kibbutz-Shamir-HauteGalilee.jpg 1021w\" sizes=\"(max-width: 300px) 100vw, 300px\" \/><\/a><\/p>\n<p style=\"text-align: center;\">GalGal :<a href=\"https:\/\/www.pagans.eu\/wp-content\/uploads\/2018\/12\/Dolmen-Israel-decouverte-d-un-mysterieux-dolmen-en-Galilee.jpg\" rel=\"wp-prettyPhoto[6657]\"><img loading=\"lazy\" class=\"size-medium wp-image-6675 aligncenter\" src=\"https:\/\/www.pagans.eu\/wp-content\/uploads\/2018\/12\/Dolmen-Israel-decouverte-d-un-mysterieux-dolmen-en-Galilee-300x150.jpg\" alt=\"\" width=\"300\" height=\"150\" srcset=\"https:\/\/www.pagans.eu\/wp-content\/uploads\/2018\/12\/Dolmen-Israel-decouverte-d-un-mysterieux-dolmen-en-Galilee-300x150.jpg 300w, https:\/\/www.pagans.eu\/wp-content\/uploads\/2018\/12\/Dolmen-Israel-decouverte-d-un-mysterieux-dolmen-en-Galilee-600x300.jpg 600w, https:\/\/www.pagans.eu\/wp-content\/uploads\/2018\/12\/Dolmen-Israel-decouverte-d-un-mysterieux-dolmen-en-Galilee.jpg 622w\" sizes=\"(max-width: 300px) 100vw, 300px\" \/><\/a><\/p>\n<p><strong>Une immense Rune Hagal vue du ciel<\/strong><\/p>\n<p>La Rune Hagal est la rune m\u00e8re de l&#8217;\u00e9criture Runique, \u00e9criture des anciens Celto-Nordiques, un immense exemplaire de celle-ci qui ne peut \u00eatre vu que du ciel se trouve en Jordanie pr\u00e8s de l&#8217;Oasis d&#8217;Azraq, concernant cette Rune, celle-ci renferme un nombre de secrets incroyables, dont celui du Chrisme Solaire chr\u00e9tien, voyez cet article d\u00e9di\u00e9 \u00e0 cette Rune, centre de la tradition primordiale :&nbsp;<a href=\"https:\/\/www.pagans.eu\/la-rune-hagal-au-centre-de-la-tradition-primordiale\/\">https:\/\/www.pagans.eu\/la-rune-hagal-au-centre-de-la-tradition-primordiale\/<\/a><\/p>\n<p><a href=\"https:\/\/www.pagans.eu\/wp-content\/uploads\/2018\/12\/HagalSol-1.jpg\" rel=\"wp-prettyPhoto[6657]\"><img loading=\"lazy\" class=\"size-medium wp-image-6665 aligncenter\" src=\"https:\/\/www.pagans.eu\/wp-content\/uploads\/2018\/12\/HagalSol-1-300x199.jpg\" alt=\"\" width=\"300\" height=\"199\" srcset=\"https:\/\/www.pagans.eu\/wp-content\/uploads\/2018\/12\/HagalSol-1-300x199.jpg 300w, https:\/\/www.pagans.eu\/wp-content\/uploads\/2018\/12\/HagalSol-1.jpg 575w\" sizes=\"(max-width: 300px) 100vw, 300px\" \/><\/a><\/p>\n<p><strong>D&#8217;incroyables artefacts de culture Celto-Viking<\/strong><\/p>\n<p>Des lampes \u00e0 huile et pilons mortier en pierre, des objets uniquement connus chez les Celtes, mais le plus incroyable est sans doute cette sculpture repr\u00e9sentant un Viking :<\/p>\n<p><a href=\"https:\/\/www.pagans.eu\/wp-content\/uploads\/2018\/12\/Ruins_of_Bethsaida_village_in_summer_2011_7-1.jpg\" rel=\"wp-prettyPhoto[6657]\"><img loading=\"lazy\" class=\"size-medium wp-image-6676 aligncenter\" src=\"https:\/\/www.pagans.eu\/wp-content\/uploads\/2018\/12\/Ruins_of_Bethsaida_village_in_summer_2011_7-1-300x200.jpg\" alt=\"\" width=\"300\" height=\"200\" srcset=\"https:\/\/www.pagans.eu\/wp-content\/uploads\/2018\/12\/Ruins_of_Bethsaida_village_in_summer_2011_7-1-300x200.jpg 300w, https:\/\/www.pagans.eu\/wp-content\/uploads\/2018\/12\/Ruins_of_Bethsaida_village_in_summer_2011_7-1-768x512.jpg 768w, https:\/\/www.pagans.eu\/wp-content\/uploads\/2018\/12\/Ruins_of_Bethsaida_village_in_summer_2011_7-1-1024x683.jpg 1024w, https:\/\/www.pagans.eu\/wp-content\/uploads\/2018\/12\/Ruins_of_Bethsaida_village_in_summer_2011_7-1-600x400.jpg 600w, https:\/\/www.pagans.eu\/wp-content\/uploads\/2018\/12\/Ruins_of_Bethsaida_village_in_summer_2011_7-1.jpg 1200w\" sizes=\"(max-width: 300px) 100vw, 300px\" \/><\/a><\/p>\n<p><strong>Conclusion<\/strong><\/p>\n<p>On comprend mieux pourquoi les initi\u00e9s voulant masquer ces v\u00e9rit\u00e9s ont lanc\u00e9 des campagnes pour faire croire que les Vikings n&#8217;avaient pas de casques \u00e0 cornes, ou encore que les Gaulois n&#8217;ont pas exist\u00e9, que cela serait une invention de C\u00e9sar. Ces gens d\u00e9sinforment autant qu&#8217;ils peuvent car les mensonges les rattrapent \u00e0 vitesse grand V. Malheureusement on sait aussi que beaucoup de ces artefacts sont d\u00e9truits par des fanatiques religieux et par des autorit\u00e9s \u00e9tatiques au service des obscurantistes. Ces obscurantistes qui incarnent la contre-tradition ou ordre noir, luttent pour ins\u00e9rer une dictature mondiale qui n\u00e9cessite l&#8217;ignorance humaine, l&#8217;effacement de notre m\u00e9moire, la corruption des peuples par la banalisation des drogues, dans le but d&#8217;imposer des paradigmes fallacieux : qu&#8217;ils soient religieux ou darwino-lin\u00e9aristes. Le retour de la terre plate n&#8217;est en effet pas \u00e9tranger \u00e0 tout cela, on sent que la contre-tradition a repris du poil de la b\u00eate et voudrait nous replonger dans l&#8217;\u00e2ge obscur ou ils avaient fait oubli\u00e9 aux Gaulois -devenus jud\u00e9o-chr\u00e9tiens- que la terre \u00e9tait ronde !<\/p>\n<p><a href=\"https:\/\/www.pagans.eu\/wp-content\/uploads\/2018\/12\/vikings-casque-a-cornes.jpg\" rel=\"wp-prettyPhoto[6657]\"><img loading=\"lazy\" class=\"size-medium wp-image-6678 aligncenter\" src=\"https:\/\/www.pagans.eu\/wp-content\/uploads\/2018\/12\/vikings-casque-a-cornes-300x214.jpg\" alt=\"\" width=\"300\" height=\"214\" srcset=\"https:\/\/www.pagans.eu\/wp-content\/uploads\/2018\/12\/vikings-casque-a-cornes-300x214.jpg 300w, https:\/\/www.pagans.eu\/wp-content\/uploads\/2018\/12\/vikings-casque-a-cornes.jpg 450w\" sizes=\"(max-width: 300px) 100vw, 300px\" \/><\/a><\/p>\n<p style=\"text-align: center;\"><em>ci-dessus : Exemple de propagande mensong\u00e8re contre-traditionnelle<\/em><\/p>\n<p>Pour conna\u00eetre la v\u00e9ritable histoire de l&#8217;humanit\u00e9, je ne peux que vous recommander ce livre :&nbsp;<a href=\"http:\/\/esprit-viking.com\/produit\/les-hyperboreens-face-a-lempire-version-eburo\/\">http:\/\/esprit-viking.com\/produit\/les-hyperboreens-face-a-lempire-version-eburo\/<\/a>&nbsp;<\/p>\n<p><a href=\"https:\/\/www.pagans.eu\/wp-content\/uploads\/2018\/12\/FLYER-la-pilule-Verte.jpg\" rel=\"wp-prettyPhoto[6657]\"><img loading=\"lazy\" class=\"size-medium wp-image-6679 aligncenter\" src=\"https:\/\/www.pagans.eu\/wp-content\/uploads\/2018\/12\/FLYER-la-pilule-Verte-215x300.jpg\" alt=\"\" width=\"215\" height=\"300\" srcset=\"https:\/\/www.pagans.eu\/wp-content\/uploads\/2018\/12\/FLYER-la-pilule-Verte-215x300.jpg 215w, https:\/\/www.pagans.eu\/wp-content\/uploads\/2018\/12\/FLYER-la-pilule-Verte-600x839.jpg 600w, https:\/\/www.pagans.eu\/wp-content\/uploads\/2018\/12\/FLYER-la-pilule-Verte.jpg 640w\" sizes=\"(max-width: 215px) 100vw, 215px\" \/><\/a><\/p>\n<p>&nbsp;<\/p>\n<p style=\"text-align: right;\">Pour l&#8217;honneur des anc\u00eatres, pour les enfants et futurs petits enfants, Oleg de Normandie<\/p>\n<p>&nbsp;<\/p>\n<p>&nbsp;<\/p>\n","protected":false},"excerpt":{"rendered":"<p>Conna\u00eetre le r\u00e9seau vert et la culture Hyperbor\u00e9enne, voil\u00e0 deux conditions pour enfin apercevoir la v\u00e9ritable histoire de l&#8217;humanit\u00e9, histoire mise sous verrou par le Vatican il y a plusieurs si\u00e8cles et dont l&#8217;obscurantisme est non<\/p>\n","protected":false},"author":5,"featured_media":6640,"comment_status":"open","ping_status":"closed","sticky":false,"template":"","format":"standard","meta":[],"categories":[150,18,42],"tags":[109,98,97,155,140,154,156],"translation":{"provider":"WPGlobus","version":"2.10.4","language":"en","enabled_languages":["fr","en"],"languages":{"fr":{"title":true,"content":true,"excerpt":false},"en":{"title":false,"content":false,"excerpt":false}}},"_links":{"self":[{"href":"https:\/\/www.pagans.eu\/en\/wp-json\/wp\/v2\/posts\/6657"}],"collection":[{"href":"https:\/\/www.pagans.eu\/en\/wp-json\/wp\/v2\/posts"}],"about":[{"href":"https:\/\/www.pagans.eu\/en\/wp-json\/wp\/v2\/types\/post"}],"author":[{"embeddable":true,"href":"https:\/\/www.pagans.eu\/en\/wp-json\/wp\/v2\/users\/5"}],"replies":[{"embeddable":true,"href":"https:\/\/www.pagans.eu\/en\/wp-json\/wp\/v2\/comments?post=6657"}],"version-history":[{"count":0,"href":"https:\/\/www.pagans.eu\/en\/wp-json\/wp\/v2\/posts\/6657\/revisions"}],"wp:featuredmedia":[{"embeddable":true,"href":"https:\/\/www.pagans.eu\/en\/wp-json\/wp\/v2\/media\/6640"}],"wp:attachment":[{"href":"https:\/\/www.pagans.eu\/en\/wp-json\/wp\/v2\/media?parent=6657"}],"wp:term":[{"taxonomy":"category","embeddable":true,"href":"https:\/\/www.pagans.eu\/en\/wp-json\/wp\/v2\/categories?post=6657"},{"taxonomy":"post_tag","embeddable":true,"href":"https:\/\/www.pagans.eu\/en\/wp-json\/wp\/v2\/tags?post=6657"}],"curies":[{"name":"wp","href":"https:\/\/api.w.org\/{rel}","templated":true}]}}