{"id":6066,"date":"2018-01-29T20:16:00","date_gmt":"2018-01-29T19:16:00","guid":{"rendered":"http:\/\/www.pagans.eu\/?p=6066"},"modified":"2018-03-19T22:05:28","modified_gmt":"2018-03-19T21:05:28","slug":"adam-et-eve-loubli-de-lorigine-polaire-et-ses-consequences-dramatiques","status":"publish","type":"post","link":"https:\/\/www.pagans.eu\/en\/adam-et-eve-loubli-de-lorigine-polaire-et-ses-consequences-dramatiques\/","title":{"rendered":"Adam et Eve : l&#8217;oubli de l&#8217;origine polaire et ses cons\u00e9quences dramatiques"},"content":{"rendered":"<p>Ce que l\u2019on nous raconte \u00e0 l\u2019\u00e9cole sur nos origines, depuis qu\u2019elle existe, c\u2019est \u00e0 dire depuis Charlemagne, ne semble pas vraiment \u00eatre la v\u00e9rit\u00e9. Que nous aillons \u00e9t\u00e9 cr\u00e9\u00e9s par un dieu p\u00e8re tout puissant, ou que nous tirions notre origine d\u2019une \u00e9volution lin\u00e9aire de plusieurs millions d\u2019ann\u00e9es, tout nous laisse \u00e0 croire que ces \u00e9coles, qu\u2019elles soient chr\u00e9tiennes ou r\u00e9publicaines, aient toutes \u00e9t\u00e9s influenc\u00e9es par des institutions \u00e9tatiques organis\u00e9es, cherchant le pouvoir et le contr\u00f4le sur les masses avant tout.<\/p>\n<p>Dans la version jud\u00e9o-chr\u00e9tienne, nous aurions chut\u00e9 du paradis par notre faute, parce que nous nous serions laiss\u00e9 tent\u00e9 par l\u2019arbre de la connaissance, le Serpent nous a tent\u00e9 et a eu raison de nous. Mais qu\u2019elles \u00e9taient ces symboles avant ce mythe d\u2019Adam et Eve&nbsp;?<\/p>\n<p><a href=\"http:\/\/www.pagans.eu\/wp-content\/uploads\/2017\/08\/Le-paradis-terrestre-Peter-Wenzel-1745-1829.jpg\" rel=\"wp-prettyPhoto[6066]\"><img loading=\"lazy\" class=\"size-medium wp-image-5558 aligncenter\" src=\"http:\/\/www.pagans.eu\/wp-content\/uploads\/2017\/08\/Le-paradis-terrestre-Peter-Wenzel-1745-1829-300x223.jpg\" alt=\"\" width=\"300\" height=\"223\" srcset=\"https:\/\/www.pagans.eu\/wp-content\/uploads\/2017\/08\/Le-paradis-terrestre-Peter-Wenzel-1745-1829-300x223.jpg 300w, https:\/\/www.pagans.eu\/wp-content\/uploads\/2017\/08\/Le-paradis-terrestre-Peter-Wenzel-1745-1829-768x570.jpg 768w, https:\/\/www.pagans.eu\/wp-content\/uploads\/2017\/08\/Le-paradis-terrestre-Peter-Wenzel-1745-1829-600x446.jpg 600w, https:\/\/www.pagans.eu\/wp-content\/uploads\/2017\/08\/Le-paradis-terrestre-Peter-Wenzel-1745-1829.jpg 800w\" sizes=\"(max-width: 300px) 100vw, 300px\" \/><\/a><\/p>\n<p>L\u2019arbre sacr\u00e9 se trouve dans toutes les mythologies anciennes du monde, il a toujours une connotation positive, il est symbole de prosp\u00e9rit\u00e9 et d\u2019un pass\u00e9 relatif \u00e0 l\u2019\u00e2ge d\u2019or de l\u2019humanit\u00e9.<\/p>\n<p><b>\u00c2ge d\u2019or ou paradis merveilleux&nbsp;?<\/b><\/p>\n<p>On quitte le merveilleux imaginaire chr\u00e9tien pour se retrouver les pieds bien sur terre, mais \u00e0 une \u00e9poque o\u00f9 les param\u00e8tres cosmiques et terrestres \u00e9taient diff\u00e9rents de ceux de notre \u00e8re. Il f\u00fbt un temps o\u00f9 la terre f\u00fbt beaucoup plus hospitali\u00e8re car la nature et le climat y \u00e9taient si fructueux que nous vivions simplement de cueillettes. L\u2019homme n\u2019avait pas de souci \u00e0 se faire pour le lendemain, il n\u2019y avait pas d\u2019hiver glac\u00e9, m\u00eame en zone polaire&nbsp;! Au contraire m\u00eame, de par sa position tangentielle par rapport aux rayons du soleil, l\u2019Arctique \u00e9tait l\u2019endroit le plus fertile de la plan\u00e8te, un v\u00e9ritable paradis bien r\u00e9el&nbsp;! Dans les mythologies n\u2019ayant pas trop subies le caviardage Jud\u00e9o-Christiano-Romain, on retrouve des tas d\u2019\u00e9l\u00e9ments qui d\u00e9montrent que nos anc\u00eatres vivaient tr\u00e8s, tr\u00e8s au Nord du monde&nbsp;!<\/p>\n<p>L\u2019endroit paradisiaque de l\u2019\u00e2ge d\u2019or a bien exist\u00e9 sur un continent Polaire temp\u00e9r\u00e9 nomm\u00e9 \u00ab&nbsp;terre du sanglier&nbsp;\u00bb, qui donna son nom aux constellations la surplombant, elles furent ensuite re baptis\u00e9es constellations de la petite et de la grande Ourse. Pourquoi&nbsp;? Justement pour signifier la glaciation de cette ancien paradis (l\u2019Ours survie en zone glaci\u00e8re, pas le sanglier), et pour ne pas oublier ce cataclysme&nbsp;! En effet les anciens sages, connaissant la propension de certains humains \u00e0 mentir pour contr\u00f4ler les masses, ont laiss\u00e9 nombre d\u2019indices comme celui-ci.<\/p>\n<p><b><a href=\"http:\/\/www.pagans.eu\/wp-content\/uploads\/2018\/01\/sanglierCELTE.jpg\" rel=\"wp-prettyPhoto[6066]\"><img loading=\"lazy\" class=\"size-full wp-image-6071 aligncenter\" src=\"http:\/\/www.pagans.eu\/wp-content\/uploads\/2018\/01\/sanglierCELTE.jpg\" alt=\"\" width=\"286\" height=\"176\"><\/a><\/b><\/p>\n<p>&nbsp;<\/p>\n<p><b>De la lign\u00e9e h\u00e9ro\u00efque, au p\u00each\u00e9 originelle<\/b><\/p>\n<p>Tyr \u00ab&nbsp;l\u2019homme-ours&nbsp;\u00bb m\u00e8ne les fils de Bor dans le d\u00e9sert de glace, nombreux seront les hommes \u00e0 sacrifier leur ration et m\u00eame leur vie pour permettre la survie d\u2019une minorit\u00e9 d\u2019entres eux. De ce courage, de ce sens du sacrifice, na\u00eetront les tribus Indo-europ\u00e9ennes qui subsisteront jusqu\u2019\u00e0 l\u2019empire Romain. Ce mythe fondateur de l\u2019esprit Celto-Nordique exalte l\u2019honneur, le respect des anc\u00eatres, le sens du sacrifice bien compris et le courage comme \u00e9tant des vertus les plus hautes. Ces tribus d\u2019hommes libres vont longtemps r\u00e9sister -notamment gr\u00e2ce au souvenir de leur h\u00e9ro\u00efque origine- \u00e0 l\u2019empire Romain, investigateur du capitalisme en Occident. De nombreux \u00e9l\u00e9ments arch\u00e9ologiques, \u00e9tymologiques, calendaires, mythologiques, herm\u00e9tiques et traditionnels d\u00e9montrent ces faits, voir cette vid\u00e9o documentaire rassemblant ces preuves :&nbsp;<a href=\"https:\/\/www.youtube.com\/watch?v=7Ayg-bhbIbQ\">https:\/\/www.youtube.com\/watch?v=7Ayg-bhbIbQ<\/a><\/p>\n<p><b>La m\u00e9moire flashouill\u00e9e par des MIB en calotte&nbsp;?<\/b><\/p>\n<p>Ce qu\u2019il nous reste d\u2019\u00e9crits concernant la tradition de nos anciens se trouve au mieux fragment\u00e9, crypt\u00e9 dans la mythologie Celto-Nordique qui a subie ce qu\u2019ils appellent une \u00ab&nbsp;christianisation&nbsp;\u00bb terme rabaissant pour le Christ car il semblerait plut\u00f4t que ce f\u00fbt un \u00ab&nbsp;flashouillage&nbsp;\u00bb de la m\u00e9moire de millions d\u2019europ\u00e9ens. Les mythes Celto-nordiques originaux valorisent les anc\u00eatres par le fait qu\u2019ils ont surv\u00e9cu \u00e0 une glaciation terrible et soudaine, or aucune trace de ceci (ou alors de fa\u00e7on crypt\u00e9e) dans l\u2019Edda de Snorri, la mythologie Nordique officielle. Seul quelques mythes de la tradition orale nous content leurs exploits&nbsp;: Le mythe de Tyr dans le d\u00e9sert de glace&nbsp;: <a href=\"http:\/\/www.pagans.eu\/lorientation-dans-les-plaines-sans-soleil\/\">http:\/\/www.pagans.eu\/lorientation-dans-les-plaines-sans-soleil<\/a><\/p>\n<p>Des traditions comme No\u00ebl ou Samha\u00efn(Halloween en est une d\u00e9formation) ne prennent leur v\u00e9ritable sens qu\u2019\u00e0 la lumi\u00e8re des origines Polaires. L\u2019arbre de no\u00ebl n\u2019est autre que le fameux Yggdrasil de la mythologie Nordique, repr\u00e9sentant l\u2019axe du monde, c\u2019est \u00e0 dire l\u2019axe de rotation de la terre autant que le vortex \u00e9nerg\u00e9tique autour duquel s\u2019entoure le champs magn\u00e9tique terrestre qui nous porte en cr\u00e9ant la gravit\u00e9. Ce champs magn\u00e9tique terrestre, c\u2019est le dragon, curieusement diabolis\u00e9 dans la culture chr\u00e9tienne. Vid\u00e9o sur le vrai sens de no\u00ebl :<a href=\"https:\/\/www.youtube.com\/watch?v=3s3gXnbITM8\">https:\/\/www.youtube.com\/watch?v=3s3gXnbITM8<\/a><\/p>\n<p><a href=\"http:\/\/www.pagans.eu\/wp-content\/uploads\/2018\/01\/noelCENTREcomerc.png\" rel=\"wp-prettyPhoto[6066]\"><img loading=\"lazy\" class=\"size-medium wp-image-6072 aligncenter\" src=\"http:\/\/www.pagans.eu\/wp-content\/uploads\/2018\/01\/noelCENTREcomerc-300x225.png\" alt=\"\" width=\"300\" height=\"225\" srcset=\"https:\/\/www.pagans.eu\/wp-content\/uploads\/2018\/01\/noelCENTREcomerc-300x225.png 300w, https:\/\/www.pagans.eu\/wp-content\/uploads\/2018\/01\/noelCENTREcomerc-768x576.png 768w, https:\/\/www.pagans.eu\/wp-content\/uploads\/2018\/01\/noelCENTREcomerc-1024x768.png 1024w, https:\/\/www.pagans.eu\/wp-content\/uploads\/2018\/01\/noelCENTREcomerc-600x450.png 600w, https:\/\/www.pagans.eu\/wp-content\/uploads\/2018\/01\/noelCENTREcomerc.png 1280w\" sizes=\"(max-width: 300px) 100vw, 300px\" \/><\/a><\/p>\n<p>&nbsp;<\/p>\n<p><b>\u00c9sot\u00e9risme celto-bouddhiste&nbsp;?<\/b><\/p>\n<p>L\u2019\u00e9veil des chakkras, connu dans les traditions asiatiques, fit \u00e9galement parti de la tradition europ\u00e9enne, cependant l\u2019\u00e9nergie Kundalini remontant le long de la colonne et s\u2019enroulant comme un serpent, \u00e9tait effectivement appel\u00e9 \u00ab&nbsp;serpent&nbsp;\u00bb chez les Celtes, la diabolisation de celui-ci comme \u00e9tant un tentateur, explique m\u00e9taphoriquement l\u2019interdiction et l\u2019\u00e9radication de ces connaissances \u00e9sot\u00e9riques en Europe.<\/p>\n<p><a href=\"http:\/\/www.pagans.eu\/wp-content\/uploads\/2018\/01\/Kundalini.jpg\" rel=\"wp-prettyPhoto[6066]\"><img loading=\"lazy\" class=\"size-medium wp-image-6074 aligncenter\" src=\"http:\/\/www.pagans.eu\/wp-content\/uploads\/2018\/01\/Kundalini-300x139.jpg\" alt=\"\" width=\"300\" height=\"139\" srcset=\"https:\/\/www.pagans.eu\/wp-content\/uploads\/2018\/01\/Kundalini-300x139.jpg 300w, https:\/\/www.pagans.eu\/wp-content\/uploads\/2018\/01\/Kundalini.jpg 540w\" sizes=\"(max-width: 300px) 100vw, 300px\" \/><\/a><\/p>\n<p><b>D\u00e9cryptage&nbsp;:<\/b><\/p>\n<p>Pour vaincre les tribus Celto-Germaniques, il fallait les couper de leurs racines h\u00e9ro\u00efques Hyperbor\u00e9ennes, leur faire oublier le sens de l\u2019honneur et du courage qui \u00e9tait intimement li\u00e9 \u00e0 leur origine et au dieu Tyr.<\/p>\n<p>C\u2019est pourquoi la religion jud\u00e9o-chr\u00e9tienne f\u00fbt cr\u00e9\u00e9e&nbsp;:<\/p>\n<p>-pour substituer un paradis c\u00e9leste \u00e0 la terre du sanglier&nbsp;<\/p>\n<p>-pour substituer un p\u00each\u00e9 originel ayant provoqu\u00e9 la col\u00e8re de dieu \u00e0 un cataclysme cyclique parfaitement naturel<\/p>\n<p>-pour substituer un Dieu cr\u00e9ateur \u00e0 la lign\u00e9e des h\u00e9ro\u00efques fils de Bor<\/p>\n<p>-pour diaboliser le serpent et l\u2019arbre, pourtant symboles universels de connaissance et de sagesse<\/p>\n<p>-pour substituer la charit\u00e9, l\u2019humilit\u00e9 coupable et la croyance \u00e0 l\u2019honneur, au courage,&nbsp;et \u00e0 la connaissance<\/p>\n<p>-pour remplacer la tradition orale ancestrale transmise de p\u00e8re en fils, par une religion transmise par l\u2019\u00e9tat Romain tout puissant lui-m\u00eame.<\/p>\n<p>Si l\u2019Ours et le Sanglier furent \u00ab&nbsp;r\u00e9v\u00e9r\u00e9s\u00bb chez les Celto-Viking, ce f\u00fbt en m\u00e9moire du cataclysme et des grands anc\u00eatres originaires de ces territoires Nordiques y aillant surv\u00e9cu. Ils avaient conscience qu\u2019un peuple qui oubli son origine, ses racines, est un peuple mort spirituellement qui finira par \u00eatre asservi.<\/p>\n<p>Et en effet, les tribus vont se d\u00e9composer et \u00eatre assimil\u00e9es \u00e0 l\u2019empire Romain, qui en fera des familles de Serfs livr\u00e9es \u00e0 elle-m\u00eame, n\u2019ayant plus la protection de la tribu. Encore aujourd\u2019hui \u00ab&nbsp;nous h\u00e9ritons&nbsp;\u00bb de l\u2019organisation \u00e9tatique Romaine.<\/p>\n<p><a href=\"http:\/\/www.pagans.eu\/wp-content\/uploads\/2017\/06\/rome_antique_image344.jpg\" rel=\"wp-prettyPhoto[6066]\"><img loading=\"lazy\" class=\"size-medium wp-image-5418 aligncenter\" src=\"http:\/\/www.pagans.eu\/wp-content\/uploads\/2017\/06\/rome_antique_image344-300x208.jpg\" alt=\"\" width=\"300\" height=\"208\" srcset=\"https:\/\/www.pagans.eu\/wp-content\/uploads\/2017\/06\/rome_antique_image344-300x208.jpg 300w, https:\/\/www.pagans.eu\/wp-content\/uploads\/2017\/06\/rome_antique_image344.jpg 512w\" sizes=\"(max-width: 300px) 100vw, 300px\" \/><\/a><\/p>\n<p>Le Dieu tout puissant, n\u2019est en fait que l\u2019avatar de l\u2019\u00e9tat tout puissant ou empire. Et en effet nous ne sommes plus vraiment les fils de nos parents&nbsp;: nous sommes \u00e9lev\u00e9s par l\u2019\u00e9tat, nous appartenons \u00e0 l\u2019\u00e9tat, nous n\u2019appartenons plus \u00e0 nos familles, nous sommes&nbsp;les enfants \u00ab&nbsp;de dieu&nbsp;\u00bb ou de la r\u00e9publique, car la tradition a \u00e9t\u00e9 remplac\u00e9e par la religion, la connaissance par la croyance.<\/p>\n<p><b>Une amn\u00e9sie collective qui perdure dangereusement<\/b><\/p>\n<p>Bien que le dogme du dieu tout puissant ait \u00e9t\u00e9 r\u00e9voqu\u00e9, nous n&#8217;avons toujours pas retrouv\u00e9 nos v\u00e9ritables racines, et le pire est que nous sommes toujours ignorants de la plus importante des choses, autrefois d\u00e9crite comme \u00ab&nbsp;le jugement dernier&nbsp;\u00bb ou \u00ab&nbsp;la fin des temps&nbsp;\u00bb ou encore ragnar\u00f6k, ces \u00e9lucubrations religieuses n\u2019\u00e9taient en r\u00e9alit\u00e9 que la description de ph\u00e9nom\u00e8nes parfaitement naturels et plus ou moins pr\u00e9visibles. L\u2019existence de ces cataclysmes qui d\u00e9truisent toute civilisation cycliquement n\u2019effleurent toujours pas la conscience humaine \u00e0 l\u2019heure ou de nombreux signes montrent pourtant que nous nous en approchons.<\/p>\n<p><b>Laissons conclure Platon (Tim\u00e9e -360av. J-C)&nbsp;<\/b><\/p>\n<p>La banalisation de l\u2019\u00e9criture et la constitution de l\u2019\u00e9tat sont des marqueurs de la perte de m\u00e9moire d\u2019apr\u00e8s l\u2019illustre Philosophe&nbsp;:<\/p>\n<p>\u00ab&nbsp;<i>Vous les grecs vous \u00eates jeunes par les \u00e2mes car vous ne poss\u00e9dez aucune antique tradition, aucune connaissance blanchie par le temps, en voici la raison. Mille destructions d\u2019hommes ont eu lieu de mille mani\u00e8res, et auront lieu, les plus grandes par le feu et l\u2019eau, les moindres par une infinit\u00e9 de causes.<\/i><\/p>\n<p><i>Chez vous et les autres peuples, \u00e0 peine l\u2019usage des lettres ou de toutes les choses n\u00e9cessaires aux \u00e9tats est-il institu\u00e9, voici que, \u00e0 de certains intervalles, pareilles \u00e0 un fl\u00e9au, des pluies torrentielles viennent fondre sur vous, qui ne laissent survivre que les hommes illettr\u00e9s et \u00e9trangers aux muses&nbsp;;&nbsp;\u00bb<\/i><\/p>\n<p>&nbsp;<\/p>\n<p>Vid\u00e9o sur l&#8217;origine des cataclysmes :<a href=\"https:\/\/www.youtube.com\/watch?v=qMm1Yx1d8so\">https:\/\/www.youtube.com\/watch?v=qMm1Yx1d8so<\/a><\/p>\n<p>&nbsp;<\/p>\n<p style=\"text-align: center;\">&nbsp; &nbsp; &nbsp; &nbsp; &nbsp; &nbsp; &nbsp; &nbsp; &nbsp; &nbsp; &nbsp; &nbsp; &nbsp; &nbsp; &nbsp; &nbsp; &nbsp; &nbsp; &nbsp; &nbsp; &nbsp; &nbsp; &nbsp; &nbsp; &nbsp; &nbsp; &nbsp; &nbsp; &nbsp; &nbsp; &nbsp; &nbsp; &nbsp; &nbsp; &nbsp; &nbsp; &nbsp; &nbsp; &nbsp; &nbsp; &nbsp; &nbsp; &nbsp; &nbsp; &nbsp; &nbsp; &nbsp; &nbsp; &nbsp; &nbsp; &nbsp; &nbsp;Oleg de Normandie<\/p>\n<p style=\"text-align: center;\">&nbsp;<\/p>\n<p style=\"text-align: center;\"><a href=\"http:\/\/www.pagans.eu\/wp-content\/uploads\/2017\/11\/coca-cola-histoire-ours-sur-la-banquise1.jpg\" rel=\"wp-prettyPhoto[6066]\"><img loading=\"lazy\" class=\"alignnone size-medium wp-image-5739\" src=\"http:\/\/www.pagans.eu\/wp-content\/uploads\/2017\/11\/coca-cola-histoire-ours-sur-la-banquise1-300x225.jpg\" alt=\"\" width=\"300\" height=\"225\" srcset=\"https:\/\/www.pagans.eu\/wp-content\/uploads\/2017\/11\/coca-cola-histoire-ours-sur-la-banquise1-300x225.jpg 300w, https:\/\/www.pagans.eu\/wp-content\/uploads\/2017\/11\/coca-cola-histoire-ours-sur-la-banquise1-768x576.jpg 768w, https:\/\/www.pagans.eu\/wp-content\/uploads\/2017\/11\/coca-cola-histoire-ours-sur-la-banquise1.jpg 1024w, https:\/\/www.pagans.eu\/wp-content\/uploads\/2017\/11\/coca-cola-histoire-ours-sur-la-banquise1-600x450.jpg 600w\" sizes=\"(max-width: 300px) 100vw, 300px\" \/><\/a><\/p>\n","protected":false},"excerpt":{"rendered":"<p>Ce que l\u2019on nous raconte \u00e0 l\u2019\u00e9cole sur nos origines, depuis qu\u2019elle existe, c\u2019est \u00e0 dire depuis Charlemagne, ne semble pas vraiment \u00eatre la v\u00e9rit\u00e9. Que nous aillons \u00e9t\u00e9 cr\u00e9\u00e9s par un dieu p\u00e8re tout puissant,<\/p>\n","protected":false},"author":5,"featured_media":6069,"comment_status":"open","ping_status":"closed","sticky":false,"template":"","format":"standard","meta":[],"categories":[18,42],"tags":[81,86,71,83,80,70,84,82,87,88,67,85],"translation":{"provider":"WPGlobus","version":"2.10.4","language":"en","enabled_languages":["fr","en"],"languages":{"fr":{"title":true,"content":true,"excerpt":false},"en":{"title":false,"content":false,"excerpt":false}}},"_links":{"self":[{"href":"https:\/\/www.pagans.eu\/en\/wp-json\/wp\/v2\/posts\/6066"}],"collection":[{"href":"https:\/\/www.pagans.eu\/en\/wp-json\/wp\/v2\/posts"}],"about":[{"href":"https:\/\/www.pagans.eu\/en\/wp-json\/wp\/v2\/types\/post"}],"author":[{"embeddable":true,"href":"https:\/\/www.pagans.eu\/en\/wp-json\/wp\/v2\/users\/5"}],"replies":[{"embeddable":true,"href":"https:\/\/www.pagans.eu\/en\/wp-json\/wp\/v2\/comments?post=6066"}],"version-history":[{"count":0,"href":"https:\/\/www.pagans.eu\/en\/wp-json\/wp\/v2\/posts\/6066\/revisions"}],"wp:featuredmedia":[{"embeddable":true,"href":"https:\/\/www.pagans.eu\/en\/wp-json\/wp\/v2\/media\/6069"}],"wp:attachment":[{"href":"https:\/\/www.pagans.eu\/en\/wp-json\/wp\/v2\/media?parent=6066"}],"wp:term":[{"taxonomy":"category","embeddable":true,"href":"https:\/\/www.pagans.eu\/en\/wp-json\/wp\/v2\/categories?post=6066"},{"taxonomy":"post_tag","embeddable":true,"href":"https:\/\/www.pagans.eu\/en\/wp-json\/wp\/v2\/tags?post=6066"}],"curies":[{"name":"wp","href":"https:\/\/api.w.org\/{rel}","templated":true}]}}