{"id":6019,"date":"2018-01-24T15:40:19","date_gmt":"2018-01-24T14:40:19","guid":{"rendered":"http:\/\/www.pagans.eu\/?p=6019"},"modified":"2019-04-24T17:45:05","modified_gmt":"2019-04-24T15:45:05","slug":"la-fete-dimbolc-baldrgeirr-1er-fevrier","status":"publish","type":"post","link":"https:\/\/www.pagans.eu\/en\/la-fete-dimbolc-baldrgeirr-1er-fevrier\/","title":{"rendered":"la f\u00eate d&#8217;Imbolc (Baldrgeirr) 2-7 F\u00e9vrier 2018"},"content":{"rendered":"<p><span style=\"color: #333333;\"><span style=\"font-family: Georgia, 'Times New Roman', 'Bitstream Charter', Times, serif;\"><span style=\"font-size: medium;\"><u>Imbolc -&gt; Baldergeirr (la lance de Baldr) d\u00e9but f\u00e9vrier<\/u><\/span><\/span><\/span><br \/>\n<span style=\"color: #333333;\"><span style=\"font-family: Georgia, 'Times New Roman', 'Bitstream Charter', Times, serif;\"><span style=\"font-size: medium;\"><br \/>\nExistant depuis l&#8217;\u00e9poque polaire pr\u00e9-cataclysmique, Imbolc c\u00e9l\u00e9brait la sortie de la longue nuit polaire de deux mois, la date exact d\u00e9pendait du retour des premiers rayons du soleil qui produisaient une longue aube semi-continue d&#8217;environ 1 mois.&nbsp; Baldr symbolise le soleil lui-m\u00eame, on ne l&#8217;aper\u00e7oit pas encore, mais ses premiers rayons percent l&#8217;atmosph\u00e8re lui donnant une couleur ros\u00e9e. Les rayons de l&#8217;aurore c&#8217;est la lance de Baldr.&nbsp; Aux temps post-cataclysmiques europ\u00e9ens, c&#8217;est le premier Vendredi de F\u00e9vrier suivant la pleine Lune qui est le 1er jour de cette f\u00eate de purification qui durera 5 jours : jusqu&#8217;\u00e0 Mercredi.<\/span><\/span><\/span><br \/>\n<span style=\"color: #333333;\"><span style=\"font-family: Georgia, 'Times New Roman', 'Bitstream Charter', Times, serif;\"><span style=\"font-size: medium;\"><br \/>\nOn c\u00e9l\u00e8bre l&#8217;allongement des journ\u00e9es, le retour de la fertilit\u00e9 et de la douce chaleur du dieu solaire Baldr ; la vie reprend doucement, les routes sont rouvertes, les glaces fondent. Mais sa c\u00e9l\u00e9bration est tr\u00e8s spirituelle, on je\u00fbne en ne buvant que des breuvages \u00e0 base de plante jusqu&#8217;au dimanche o\u00f9 l&#8217;on re mangera, mais uniquement des plantes bien sp\u00e9cifiques d\u00e9di\u00e9es \u00e0 la d\u00e9toxification de l&#8217;organisme. Cette f\u00eate d\u00e9marre le Vendredi (Venus) car c&#8217;est le jour de Freya (Friday, Freitag en Allemand), d\u00e9esse de la fertilit\u00e9 et force terrestre non solaire ; et se termine par Mercredi (Mercure) jour d&#8217;Odin\/Wodan (Wednesday) en passant par le jour du Soleil (Sunday, Sonntag), afin d&#8217;exprimer le fait que l&#8217;on sort de la saison sombre pour aller vers la saison claire et signifier le mariage entre Freya et Odin -m\u00e9taphore du mariage entre mati\u00e8re et \u00e9nergie c\u00e9leste- qui va permettre la renaissance de la nature.<br \/>\n<\/span><\/span><\/span><br \/>\n<span style=\"color: #333333;\"><span style=\"font-family: Georgia, 'Times New Roman', 'Bitstream Charter', Times, serif;\"><span style=\"font-size: medium;\">F\u00e9vrier (fait vriller) c\u2019\u00e9tait le moment de l\u2019ann\u00e9e pour purifier le corps. Le Druide (Volvo en Norrois) accueillai<\/span><\/span><\/span><span style=\"color: #333333;\"><span style=\"font-family: Georgia, 'Times New Roman', 'Bitstream Charter', Times, serif;\"><span style=\"font-size: medium;\">t les membres du <\/span><\/span><\/span><span style=\"color: #333333;\"><span style=\"font-family: Georgia, 'Times New Roman', 'Bitstream Charter', Times, serif;\"><span style=\"font-size: medium;\">C<\/span><\/span><\/span><span style=\"color: #333333;\"><span style=\"font-family: Georgia, 'Times New Roman', 'Bitstream Charter', Times, serif;\"><span style=\"font-size: medium;\">lan dans une maison confectionn\u00e9e sp\u00e9cialement pour l&#8217;occasion. La maison de sudation, \u00e0 la chaleur intense et <\/span><\/span><\/span><span style=\"color: #333333;\"><span style=\"font-family: Georgia, 'Times New Roman', 'Bitstream Charter', Times, serif;\"><span style=\"font-size: medium;\">assez<\/span><\/span><\/span><span style=\"color: #333333;\"><span style=\"font-family: Georgia, 'Times New Roman', 'Bitstream Charter', Times, serif;\"><span style=\"font-size: medium;\"> humid<\/span><\/span><\/span><span style=\"color: #333333;\"><span style=\"font-family: Georgia, 'Times New Roman', 'Bitstream Charter', Times, serif;\"><span style=\"font-size: medium;\">e<\/span><\/span><\/span><span style=\"color: #333333;\"><span style=\"font-family: Georgia, 'Times New Roman', 'Bitstream Charter', Times, serif;\"><span style=\"font-size: medium;\">. Les membres du clan \u00e9taient appel\u00e9s \u00e0 tour de r\u00f4le par les Volur&nbsp;<\/span><\/span><\/span><span style=\"color: #333333;\"><span style=\"font-family: Georgia, 'Times New Roman', 'Bitstream Charter', Times, serif;\"><span style=\"font-size: medium;\">(Volvo au pluriel)<\/span><\/span><\/span><span style=\"color: #333333;\"><span style=\"font-family: Georgia, 'Times New Roman', 'Bitstream Charter', Times, serif;\"><span style=\"font-size: medium;\"> et Godis (Vates) qui entonnai<\/span><\/span><\/span><span style=\"color: #333333;\"><span style=\"font-family: Georgia, 'Times New Roman', 'Bitstream Charter', Times, serif;\"><span style=\"font-size: medium;\">ent<\/span><\/span><\/span><span style=\"color: #333333;\"><span style=\"font-family: Georgia, 'Times New Roman', 'Bitstream Charter', Times, serif;\"><span style=\"font-size: medium;\"> des chant runique<\/span><\/span><\/span><span style=\"color: #333333;\"><span style=\"font-family: Georgia, 'Times New Roman', 'Bitstream Charter', Times, serif;\"><span style=\"font-size: medium;\">s<\/span><\/span><\/span><span style=\"color: #333333;\"><span style=\"font-family: Georgia, 'Times New Roman', 'Bitstream Charter', Times, serif;\"><span style=\"font-size: medium;\"> lors de la purification dans la maison de sudation. Dans cette maison de sudation une vapeur r\u00e9alis<\/span><\/span><\/span><span style=\"color: #333333;\"><span style=\"font-family: Georgia, 'Times New Roman', 'Bitstream Charter', Times, serif;\"><span style=\"font-size: medium;\">\u00e9e<\/span><\/span><\/span><span style=\"color: #333333;\"><span style=\"font-family: Georgia, 'Times New Roman', 'Bitstream Charter', Times, serif;\"><span style=\"font-size: medium;\"> avec des pierres chaude<\/span><\/span><\/span><span style=\"color: #333333;\"><span style=\"font-family: Georgia, 'Times New Roman', 'Bitstream Charter', Times, serif;\"><span style=\"font-size: medium;\">s<\/span><\/span><\/span><span style=\"color: #333333;\"><span style=\"font-family: Georgia, 'Times New Roman', 'Bitstream Charter', Times, serif;\"><span style=\"font-size: medium;\"> et des plantes aidait <\/span><\/span><\/span><span style=\"color: #333333;\"><span style=\"font-family: Georgia, 'Times New Roman', 'Bitstream Charter', Times, serif;\"><span style=\"font-size: medium;\">\u00e0<\/span><\/span><\/span><span style=\"color: #333333;\"><span style=\"font-family: Georgia, 'Times New Roman', 'Bitstream Charter', Times, serif;\"><span style=\"font-size: medium;\"> la purification.<\/span><\/span><\/span><br \/>\n<span style=\"color: #333333;\"><span style=\"font-family: Georgia, 'Times New Roman', 'Bitstream Charter', Times, serif;\"><span style=\"font-size: medium;\"><br \/>\nC&#8217;est aussi \u00e0 cette occasion que la m\u00e9ditation collective en cercle \u00e9tait organis\u00e9e, le but \u00e9tant toujours de renforcer l&#8217;individu gr\u00e2ce au groupe et de partager avec l&#8217;Hamingja du clan sa force de gu\u00e9rison. G\u00e9n\u00e9ralement en nature pr\u00e8s de l&#8217;arbre (ou parfois totem) du Clan.&nbsp;<\/span><\/span><\/span><br \/>\n<span style=\"color: #333333;\"><span style=\"font-family: Georgia, 'Times New Roman', 'Bitstream Charter', Times, serif;\"><span style=\"font-size: medium;\"><a href=\"http:\/\/www.pagans.eu\/wp-content\/uploads\/2018\/01\/arbrex.jpg\" rel=\"wp-prettyPhoto[6019]\"><img loading=\"lazy\" class=\"size-medium wp-image-6034 aligncenter\" src=\"http:\/\/www.pagans.eu\/wp-content\/uploads\/2018\/01\/arbrex-300x268.jpg\" alt=\"\" width=\"300\" height=\"268\" srcset=\"https:\/\/www.pagans.eu\/wp-content\/uploads\/2018\/01\/arbrex-300x268.jpg 300w, https:\/\/www.pagans.eu\/wp-content\/uploads\/2018\/01\/arbrex.jpg 490w\" sizes=\"(max-width: 300px) 100vw, 300px\" \/><\/a><br \/>\nLe je\u00fbne ? Il avait lieu en cette p\u00e9riode mais n&#8217;\u00e9tait pas total&nbsp;: les gens buvaient des boisons a base de plantes pour nettoyer l&#8217;int\u00e9rieur et avaient une alimentation mod\u00e9r\u00e9e pendant ce mois (le car\u00eame en est \u00e9videment une survivance). Le nombre de jours de je\u00fbne sec ou \u00e0 l\u2019eau n&#8217;\u00e9tait pas forc\u00e9ment d\u00e9fini, chacun \u00e9tait responsable de son bien \u00eatre.<span id=\"__caret\">_<\/span><\/span><\/span><\/span><br \/>\n<span style=\"color: #333333;\"><span style=\"font-family: Georgia, 'Times New Roman', 'Bitstream Charter', Times, serif;\"><span style=\"font-size: medium;\"><br \/>\nLa veille d&#8217;Imbolc des bougies ou flambeau ornait portes et ouvertures. Destin\u00e9es \u00e0 saluer les premiers rayons du soleil.<\/span><\/span><\/span><br \/>\n<span style=\"color: #333333;\"><span style=\"font-family: Georgia, 'Times New Roman', 'Bitstream Charter', Times, serif;\"><span style=\"font-size: medium;\"><br \/>\nNous ne voyons pas encore Baldr mais au dessus de lui sa lance \u00e9claire lorsqu\u2019il avance vers nous. C&#8217;est une f\u00eates de purification du corps et d\u00e9toxification apr\u00e8s le long hiver. Les premi\u00e8res plantes et bourgeons \u00e9taient cueillis et les \u00e9lixirs \u00e9taient alors confectionn\u00e9s par les Volur pour chaque membre du clan.<\/span><\/span><\/span><br \/>\n<span style=\"color: #333333;\"><span style=\"font-family: Georgia, 'Times New Roman', 'Bitstream Charter', Times, serif;\"><span style=\"font-size: medium;\"><br \/>\nLes traditions orales contaient alors les \u00e9preuves d&#8217;Odin pour acqu\u00e9rir la sagesse (sources de Mimir)&nbsp; mais aussi les mythes de Freyr (naissance d&#8217;Ingvy Freyrr) et Freyja (naissance de la nature et des arbres).<\/span><\/span><\/span><br \/>\n<span style=\"color: #333333;\"><span style=\"font-family: Georgia, 'Times New Roman', 'Bitstream Charter', Times, serif;\"><span style=\"font-size: medium;\"><br \/>\nPour nos jeunes lecteurs et adultes inconscients voici quelque mises en garde.<br \/>\n-Fabriquer des huttes de sudation et mal les utiliser peut \u00eatre tr\u00e8s dangereux. Certaines personnes peuvent effectivement faire des malaises et en mourir.<br \/>\n-Lorsque vous cueillez des plantes dans la nature il est important d&#8217;\u00eatre s\u00fbr de ce que l&#8217;on fait et de savoir les pr\u00e9parer. Certaines sont mortelles et d&#8217;autres comestibles mais empoisonn\u00e9es par des produits de traitement (autour des champs) et parfois porteuses de maladies d\u00fb aux excr\u00e9ments de certains animaux comme le renard. Soyez raisonnable et merci de faire attention a vos vies. Pr\u00e9f\u00e9rez plut\u00f4t vous diriger chez un herboriste. C&#8217;est pour cette raison que nous n\u2019avons pas mis le nom des plantes.<\/span><\/span><\/span><\/p>\n<p>&nbsp;<\/p>\n<p style=\"text-align: center;\">&nbsp;Oleg de Normandie<\/p>\n<p>&nbsp;<\/p>\n<p>PS : Pour un pratique plus contemporaine de la hutte de sudation :&nbsp;<a href=\"http:\/\/esprit-viking.com\/les-gens-du-nord-sont-plus-costauds\/\">http:\/\/esprit-viking.com\/les-gens-du-nord-sont-plus-costauds\/<\/a><\/p>\n","protected":false},"excerpt":{"rendered":"<p>Imbolc -&gt; Baldergeirr (la lance de Baldr) d\u00e9but f\u00e9vrier Existant depuis l&#8217;\u00e9poque polaire pr\u00e9-cataclysmique, Imbolc c\u00e9l\u00e9brait la sortie de la longue nuit polaire de deux mois, la date exact d\u00e9pendait du retour des premiers rayons du<\/p>\n","protected":false},"author":5,"featured_media":6026,"comment_status":"open","ping_status":"closed","sticky":false,"template":"","format":"standard","meta":[],"categories":[18,40],"tags":[107,113,167,86,172,97,135,158,173,105,174,85,175],"translation":{"provider":"WPGlobus","version":"2.10.4","language":"en","enabled_languages":["fr","en"],"languages":{"fr":{"title":true,"content":true,"excerpt":false},"en":{"title":false,"content":false,"excerpt":false}}},"_links":{"self":[{"href":"https:\/\/www.pagans.eu\/en\/wp-json\/wp\/v2\/posts\/6019"}],"collection":[{"href":"https:\/\/www.pagans.eu\/en\/wp-json\/wp\/v2\/posts"}],"about":[{"href":"https:\/\/www.pagans.eu\/en\/wp-json\/wp\/v2\/types\/post"}],"author":[{"embeddable":true,"href":"https:\/\/www.pagans.eu\/en\/wp-json\/wp\/v2\/users\/5"}],"replies":[{"embeddable":true,"href":"https:\/\/www.pagans.eu\/en\/wp-json\/wp\/v2\/comments?post=6019"}],"version-history":[{"count":0,"href":"https:\/\/www.pagans.eu\/en\/wp-json\/wp\/v2\/posts\/6019\/revisions"}],"wp:featuredmedia":[{"embeddable":true,"href":"https:\/\/www.pagans.eu\/en\/wp-json\/wp\/v2\/media\/6026"}],"wp:attachment":[{"href":"https:\/\/www.pagans.eu\/en\/wp-json\/wp\/v2\/media?parent=6019"}],"wp:term":[{"taxonomy":"category","embeddable":true,"href":"https:\/\/www.pagans.eu\/en\/wp-json\/wp\/v2\/categories?post=6019"},{"taxonomy":"post_tag","embeddable":true,"href":"https:\/\/www.pagans.eu\/en\/wp-json\/wp\/v2\/tags?post=6019"}],"curies":[{"name":"wp","href":"https:\/\/api.w.org\/{rel}","templated":true}]}}