{"id":5788,"date":"2017-11-30T13:14:45","date_gmt":"2017-11-30T12:14:45","guid":{"rendered":"http:\/\/www.pagans.eu\/?p=5788"},"modified":"2017-11-30T13:18:10","modified_gmt":"2017-11-30T12:18:10","slug":"les-racines-celto-viking-pan-europeennes","status":"publish","type":"post","link":"https:\/\/www.pagans.eu\/en\/les-racines-celto-viking-pan-europeennes\/","title":{"rendered":"Les racines Celto-Viking pan-europ\u00e9ennes"},"content":{"rendered":"<p><center><\/center><center><span style=\"color: #009900; font-size: xx-large;\"><b>Teuta\/ Familles<\/b><\/span><span style=\"font-size: large;\"><br \/>\n<\/span><\/center><span style=\"font-size: large;\"><br \/>\n<\/span><span style=\"color: #009900; font-size: large;\"><b>&nbsp;&nbsp;&nbsp;&nbsp;&nbsp;&nbsp;&nbsp;&nbsp;&nbsp;<\/b>L\u2019Espace europ\u00e9en<\/span><span style=\"font-size: large;\">&nbsp;\u00e9tait appel\u00e9e Litauia par les Gaulois et cela nous am\u00e8ne \u00e0 remarquer que la Lettonie se nomme Lietuvia et \u00e0 rapprocher cela du nom d\u2019une des quatre ethnies lettones, les Let<u>galles<\/u>. La Lettonie se nomme Latvia (Carioli)\u2026<br \/>\n&nbsp;&nbsp;&nbsp;&nbsp;&nbsp;&nbsp;&nbsp;&nbsp;&nbsp;&nbsp;Au 1er si\u00e8cle AEC, l\u2019historien grec Timag\u00e8nes, \u00e9voquant les habitants de l\u2019ancienne Gaule, rapporte qu\u2019<\/span><span style=\"color: #009900; font-size: large;\"><b>ils disaient avoir \u00e9t\u00e9 jadis envahis par les habitants d\u2019une \u00eele engloutie. Il affirme d\u2019autre part que certains Gaulois se croyaient eux-m\u00eames originaires d\u2019une terre lointaine situ\u00e9e en plein oc\u00e9an<\/b><\/span><span style=\"font-size: large;\">.<br \/>\n&nbsp;&nbsp;&nbsp;&nbsp;&nbsp;&nbsp;&nbsp;&nbsp;<\/span><span style=\"color: #009900; font-size: large;\">Selon Amien Marcellin, les Druides racontaient qu\u2019<u>une partie du peuple gaulois \u00e9tait originaire des rives des mers nordiques et avaient fui les inondations et les guerres<\/u>. De fait, on vit les Doriens, originaires de ces r\u00e9gions, d\u00e9ferler sur la Gr\u00e8ce et renverser les vieux royaumes ach\u00e9ens<\/span><span style=\"font-size: large;\">\u2026&nbsp;(Bouyer)<\/span><\/p>\n<p>&nbsp;&nbsp;&nbsp;&nbsp;&nbsp;&nbsp;&nbsp;&nbsp;&nbsp;&nbsp;Les Galates, Gaulois \u2013&nbsp;de&nbsp;<i>Gal, gala<\/i>, \u201cgrave, fort\u201d&nbsp;\u2013 sont des&nbsp;<u><i>brittoniques<\/i><\/u>&nbsp;alors que les Irlandais et les Gallois ou&nbsp;<i>kymry<\/i>&nbsp;en cornique (les Cambriens du Pays de Galles), sont des Celtes&nbsp;<u><i>go\u00efd\u00e9liques<\/i><\/u>.<\/p>\n<p><span style=\"color: #0000ee; font-size: large;\"><b><br \/>\nM\u00e0j propos\u00e9e par &lt;&nbsp;fdes1@hotmail.com&nbsp;&gt; :<\/b>&nbsp;Dans&nbsp;<i>L&#8217;or des Druides<\/i>&nbsp;(Veyrier 1989, l\u2019\u00c6ncre 1996), J.P. Bourre nous parle de \u00ab&nbsp;Ces myst\u00e9rieuses tribus venant de la for\u00eat sacr\u00e9e* de Kufstein (A) au sud du Danube. Haut-lieu des peuplades celtiques, Kufstein signifie \u201cCuves de Pierre\u201d et ce n\u2019est pas un hasard si les chamans* et les Sorciers*, p\u00e8res spirituels des tribus, creus\u00e8rent dans la roche du Velay \u201cla Terre des Vaillants\u201d, ces \u2018pierres \u00e0 bassin qui intriguent tant les arch\u00e9ologues.&nbsp;Ces pierres creus\u00e9es, avec rigole d\u2019\u00e9coulement, semblent faites pour recevoir un corps humain, en vue d\u2019une pr\u00e9paration magique. Deux de ces cuves creuses sont visibles (entre autres) en Velay, \u00e0 l\u2019est de Tombarel, en bordure de la rivi\u00e8re Veyradeyre.&nbsp;\u00bb<\/span><span style=\"font-size: large;\">&nbsp;(cf. art. Pierres* \u00e0 Cupules)<\/span><\/p>\n<p><b><br \/>\n<\/b><\/p>\n<p><center><span style=\"color: #009900; font-size: xx-large;\"><b>Bien proches des Germains* :<\/b><\/span><span style=\"font-size: xx-large;\">&nbsp;<\/span><span style=\"font-size: large;\"><br \/>\n<\/span><\/center><span style=\"font-size: large;\"><br \/>\n\u00ab&nbsp;Ceux-ci diff\u00e8rent un peu de Celtes&nbsp;; ils ont de m\u0153urs plus sauvages, ils sont plus grands et plus blonds mais se rapprochent d\u2019eux pour tout le reste.&nbsp;\u00bb Strabon,&nbsp;<i>G\u00e9ographie<\/i>, L VII 1-2.<br \/>\n&nbsp;&nbsp;&nbsp;&nbsp;&nbsp;&nbsp;&nbsp;&nbsp;&nbsp;&nbsp;Les Ingw\u00e4ons (qui sont les Ingv\u00e9ones de l\u2019occupant Romain) furent ult\u00e9rieurement appel\u00e9s les Saxons du nom de leur arme de combat, la &#8220;hache \u00e0 lancer&#8221; munie d&#8217;un seul tranchant et d&#8217;une pique<a href=\"http:\/\/racines.traditions.free.fr\/celtes-a\/notes.htm#footnote10\" target=\"notes\"><sup>10<\/sup><\/a>&nbsp;ce qui la rend diff\u00e9rente de la Francisque*&nbsp;<u>rituelle<\/u>&nbsp;ou hache bipenne : en effet, en utilisant le g\u00e9nitif saxon &#8211;&nbsp;&#8216;s&nbsp;-, cette hache de combat se nomme&nbsp;<i>s&#8217;Axe<\/i>&nbsp;\u201cleur hache\u201d.<br \/>\n&nbsp;&nbsp;&nbsp;&nbsp;&nbsp;&nbsp;&nbsp;&nbsp;&nbsp;&nbsp;Ils&nbsp;appelaient les Celtes qui combattaient contre eux dans les arm\u00e9es chr\u00e9tiennes franques (donc leurs cousins \u00e0 double titre), les W\u00e9alas ce qui,&nbsp;<i>p\u00e9jorativement<\/i>&nbsp;voulait dire \u2013&nbsp;<i>\u00e0 cette \u00e9poque<\/i>&nbsp;doublement d\u00e9racin\u00e9e dans leur langue par le latin et dans leurs traditions par l\u2019<u>\u00c9glise<\/u>*&nbsp;\u2013 &#8220;les&nbsp;\u00e9trangers&#8221; (\u00e0&nbsp;leur culture).<br \/>\n&nbsp;&nbsp;&nbsp;&nbsp;&nbsp;&nbsp;&nbsp;&nbsp;&nbsp;&nbsp;Cependant, la m\u00eame racine se retrouve chez les Welsh, les Gallois, et chez les Walliser&nbsp;<i>germaniques<\/i>&nbsp;qui laiss\u00e8rent leur nom au Valais suisse. On la retrouve aussi dans le nom du clan des Wotaniens, les Walsungen (<i>Wals<\/i><a href=\"http:\/\/racines.traditions.free.fr\/celtes-a\/notes.htm#footnote11\" target=\"notes\"><sup>11<\/sup><\/a><i>&nbsp;-Ing<\/i>). En vieux nordique,<\/span>&nbsp;<span style=\"font-size: large;\"><b>Gaule<\/b>&nbsp;se disait&nbsp;<i>Valland<\/i>\u2026<br \/>\n&nbsp;&nbsp;&nbsp;&nbsp;&nbsp;&nbsp;&nbsp;&nbsp;&nbsp;&nbsp;On constate donc, une fois de plus, que la distinction entre Celtes et Germains est bien artificielle et en tout cas toujours romaine avant d\u2019\u00eatre chr\u00e9tienne&nbsp;: il y avait, d&#8217;une part les Collabos du christianisme et, d&#8217;autre part ses \u201cadversaires\u201d, les &#8220;pa\u00efens*&#8221; et il y a peu, on les aurait appel\u00e9 des R\u00e9sistants !<br \/>\n&nbsp;&nbsp;&nbsp;&nbsp;&nbsp;&nbsp;&nbsp;&nbsp;&nbsp;&nbsp;Quelques auteurs appellent les Germains des \u201cCeltes&nbsp;<i>germaniques<\/i>\u201d, comme on dit des Celtes&nbsp;<i>belgiques<\/i>&nbsp;et des Celtes&nbsp;<i>gaulois (id.)<\/i>\u2026<\/span><\/p>\n<p>&nbsp;<\/p>\n<p><center><span style=\"color: #0000ee; font-size: large;\"><b>M\u00e0j du 18 juin 04 :&nbsp;<\/b>ifrance.com\/pagan\/atlantide.htm \u2013\u2013&gt; Pagan.org@ifrance.com :<br \/>\n<\/span><\/center><span style=\"color: #0000ee; font-size: large;\"><b>\u00ab\u00ab&nbsp;Les &#8220;Ph\u00e9resioi&#8221; : Les Celtes &amp; les Germains<\/b>&nbsp;sont deux rameaux descendant d&#8217;un m\u00eame peuple. Les pr\u00e9historiens su\u00e9dois et danois contemporains r\u00e9servent le terme de &#8220;Germains&#8221; aux anc\u00eatres des habitants de l&#8217;Europe du Nord qui, \u00e0 partir de 200 avant J.-C., se d\u00e9sign\u00e8rent (et furent d\u00e9sign\u00e9s) comme tels.<br \/>\n&nbsp;&nbsp;&nbsp;&nbsp;&nbsp;&nbsp;&nbsp;&nbsp;&nbsp;&nbsp;Mais Pyth\u00e9as, l&#8217;historien grec de Massilia (Marseille) qui a visit\u00e9 ces r\u00e9gions vers 350 avant J.-C. donnait encore le nom de &#8220;Celtes&#8221; \u00e0 ses habitants. Il les appelle les Ph\u00e8res, les Saksar et les Denen.<br \/>\n&nbsp;&nbsp;&nbsp;&nbsp;&nbsp;&nbsp;&nbsp;&nbsp;&nbsp;&nbsp;Les r\u00e9cits de l&#8217;histoire les appellent les &#8220;<b>Ph\u00e9resioi<\/b>&#8220;, c&#8217;est-\u00e0-dire des trois plus anciennes tribus de l&#8217;empire celto-germain : les Frisons, les Saxons et les Danois.&nbsp;\u00bb\u00bb<br \/>\n<\/span><span style=\"font-size: large;\"><br \/>\n<\/span><\/p>\n<p><center><span style=\"color: #009900; font-size: xx-large;\"><b>La division&nbsp;<i>artificielle<\/i><\/b><\/span><span style=\"color: #009900; font-size: x-large;\"><br \/>\n<b>entre les Celtes et les Germains* :<br \/>\n<\/b><\/span><\/center><span style=\"font-size: large;\"><br \/>\n&nbsp;&nbsp;&nbsp;&nbsp;&nbsp;&nbsp;&nbsp;&nbsp;&nbsp;&nbsp;La division fut cr\u00e9e par les Romains \u00e0 des fins politiques ! Ils enr\u00f4laient les uns pour lutter contre les autres et ainsi, abattre la r\u00e9sistance nord-europ\u00e9enne \u00e0 leur imp\u00e9rialisme<a href=\"http:\/\/racines.traditions.free.fr\/celtes-a\/notes.htm#footnote12\" target=\"notes\"><sup>12<\/sup><\/a>&nbsp;sans limite.&nbsp;La cr\u00e9ation de cette division psychologique leur a permis de r\u00e9gner sur les uns avec sur les autres et vice-versa : \u201cC\u2019est du vice&nbsp;!\u201d (Euphronios Delphyn\u00e9). Cependant, leur p\u00e9n\u00e9tration en Germanie ne fut effective qu\u2019avec l\u2019appui du christianisme\u2026 romain (imp\u00e9rial), qui reprit ensuite cette technique \u00e0 son compte en aidant les Francs contre les Saxons, les Bretons contre les Francs, les Francs contre les Wisigoths de Toulouse (\u2026et les Albigeois) :<\/span><\/p>\n<p>&nbsp;<\/p>\n<p><center><span style=\"font-size: large;\"><img src=\"http:\/\/racines.traditions.free.fr\/celtes-a\/celtes-a4.jpg\"><\/span><\/center>&nbsp;<\/p>\n<p><span style=\"color: #0000ee; font-size: large;\"><b>M\u00e0j 15 juin04<\/b>, vu sur la revue Huginn und Muninn : \u00ab&nbsp;Les Celtes et les Vikings ainsi que les Germains de l&#8217;Ouest et les Germains orientaux (r\u00e9cemment nomm\u00e9s &#8220;Slaves&#8221; par erreur) sont les descendants du milieu culturel Nordique qui s\u2019\u00e9tait \u00e9teint 3.200 ans plus t\u00f4t par suite de catastrophes naturelles (cf. art. r.t D\u00e9luges*).&nbsp;\u00bb Dagmund\/ H&amp;M.<\/span><span style=\"font-size: large;\"><br \/>\n<\/span><\/p>\n<p><center><span style=\"font-size: large;\"><br \/>\n<\/span><span style=\"color: #009900; font-size: xx-large;\"><b>Quelques ethnies celtiques :<\/b><\/span><span style=\"color: #009900; font-size: large;\"><b><br \/>\n<\/b><\/span><\/center><span style=\"font-size: large;\"><br \/>\n<\/span><span style=\"color: #009900; font-size: large;\"><b>Les Allobroges :<\/b><\/span><span style=\"font-size: large;\">&nbsp;\u00ab&nbsp;Les&nbsp;<i>Allobrogae<\/i>&nbsp;sont le peuple actuel de la Savoie. Une scolie de Juvenal explique le nom :&nbsp;<i>ex alio locotranslati<\/i>&nbsp;\u201ctransf\u00e9r\u00e9s d\u2019une autre r\u00e9gion\u201d, \u201cCeux qui sont d\u2019un autre pays\u201d. Nous trouvons en effet en gallois et en breton un mot&nbsp;<i>bro&nbsp;<\/i><a href=\"http:\/\/racines.traditions.free.fr\/celtes-a\/notes.htm#footnote13\" target=\"notes\"><sup>13<\/sup><\/a><i>&nbsp;<\/i>signifiant \u201cpays\u201d. Les Allobroges sont les \u201cimmigr\u00e9s\u201d, les gens qui viennent d\u2019un autre pays.&nbsp;\u00bb Albert Grenier,&nbsp;<i>Les Gaulois.<\/i><br \/>\n&nbsp;&nbsp;&nbsp;&nbsp;&nbsp;&nbsp;&nbsp;&nbsp;&nbsp;&nbsp;Parall\u00e8lement, nous penserons donc aux 35.000 Saxons d\u00e9port\u00e9 en Nord-Alpes par les sbires de Charlemagne qui fut baptis\u00e9 \u201cle tueur de Saxons\u201d apr\u00e8s qu\u2019il eut fait d\u00e9capiter 4.500 de leurs chefs de famille faits prisonniers alors qu\u2019ils \u00e9taient sans armes le jour de la f\u00eate* sacr\u00e9e de l\u2019<u>Irminsul<\/u>* (cf. d\u00e9tails). Leur faute&nbsp;? Ils refusaient tout simplement\u2026d\u2019abjurer sous la menace la foi de leurs p\u00e8res !<\/span><\/p>\n<p><span style=\"color: #009900; font-size: large;\"><b>Autres noms tribaux<\/b><\/span><span style=\"font-size: large;\"><b>&nbsp;<\/b>: les Bo\u00efens, \u201cles Terribles\u201d. Les \u00c9duens , \u201cles Ardents\u201d. Les Insubres, \u201cles Farouches\u201d. Les Lingons, \u201cles Bondissants\u201d (cf. les Sauteurs salyens, pr\u00eatres romains). Les S\u00e9nons, \u201cles Anciens\u201d. Les Coriosoles qui peuplent le nord de l\u2019Armorique et le bas du Cotentin mais, aussi, un autre p\u00f4le, la Salzkammergut (A). Les R\u00e9dones qui avaient Redon pour capitale. Les Leuques de Lug, peuplent la r\u00e9gion de Toul\/Tollum, du Toullois\u2026<b><br \/>\n<\/b><\/span><span style=\"color: #009900; font-size: large;\"><b><br \/>\n<\/b><\/span><\/p>\n<p><center><span style=\"font-size: large;\"><img src=\"http:\/\/racines.traditions.free.fr\/celtes-a\/celtes-a5.jpg\"><br \/>\n<\/span><\/center><center><span style=\"color: #009900; font-size: large;\"><b>Les Celtes insulaires dans lesz mythe* du Roi Arthur :<\/b><\/span><\/center>&nbsp;<\/p>\n<p><span style=\"color: #009900; font-size: large;\"><b><br \/>\nChez les Irlandais :<\/b>&nbsp;<\/span><span style=\"font-size: large;\">Morgane (<i>Mori Gena)<\/i>&nbsp;\u201cN\u00e9e de l\u2019Oc\u00e9an\u201d (comme Aphrodite, \u00c5) r\u00e8gne sur l\u2019\u00eele d\u2019Avallon avec ses&nbsp;<i>sept<\/i>&nbsp;soeurs\u2026&nbsp;<u>Pour les Bretons<\/u>, les Mari Morgan habitent des palais sous-marins : Ys<a href=\"http:\/\/racines.traditions.free.fr\/celtes-a\/notes.htm#footnote14\" target=\"notes\"><sup>14<\/sup><\/a>&nbsp;. Morgane est d\u2019autre part parente de Morrigane, Morge, Mourgue, de l\u2019<i>allemand<\/i>&nbsp;<i>Morgen<\/i>, \u201cmatin, aurore\u201d, de la racine&nbsp;<i>Merg<\/i>&nbsp;qui \u00e0 donn\u00e9 Mercure l\u2019\u00e9toile du matin (<i>Matutinus<\/i>), la c\u00e9l\u00e8bre&nbsp;<i>Morgenstern<\/i>\u2026<br \/>\n&nbsp;&nbsp;&nbsp;&nbsp;&nbsp;&nbsp;&nbsp;&nbsp;&nbsp;&nbsp;La mythologie irlandaise est une tardive transcription des plus anciens textes connus qui datent du V\u00e8me&nbsp;si\u00e8cle EC et sont r\u00e9dig\u00e9s en ogamique vieil-irlandais. Elle&nbsp;fut compil\u00e9e entre le XII\u00e8me et le XV\u00e8me si\u00e8cle par des&nbsp;<i>moines<\/i>irlandais. Cette tradition m\u00e9di\u00e9vale irlandaise (post-\u00e9vang\u00e9lique donc) est la seule source de documentation interne (?) au Celtes qui puisse \u00eatre soumise \u00e0 l&#8217;interpr\u00e9tation des amateurs et des chercheurs\u2026<\/span><\/p>\n<p>&nbsp;&nbsp;&nbsp;&nbsp;&nbsp;&nbsp;&nbsp;&nbsp;&nbsp;&nbsp;Christiane Le Roux-Guyonvarc&#8217;h pense que \u00ab&nbsp;si elle (la&nbsp;<u>mythologie<\/u>* irlandaise) comporte quelques scories chr\u00e9tiennes (une des Courtises d&#8217;\u00c9tain-e) elle est, globalement, une bonne source de documentation.&nbsp;\u00bb Ce que nous nous permettrons de compl\u00e9ter en disant :&nbsp;<i>\u00e0 condition de savoir la d\u00e9crypter par comparaison<\/i>&nbsp;avec celle des Gallois, des Manxois, des Brittoniques et des Nordiques qui leur sont tr\u00e8s proches,&nbsp;<i>ce qu&#8217;elle m\u00eame sait d\u2019ailleurs fort bien&nbsp;faire&nbsp;<\/i>! Mais ce n&#8217;est pas le cas de tous les celtisants dont un bon nombre refuse le Monde Nordique, vieille habitude h\u00e9rit\u00e9e de sa diabolisation par l&#8217;<u>\u00c9glise<\/u>* \u2013&nbsp;romaine&nbsp;\u2013 et de l\u2019influence de la r\u00e9forme &#8220;\u00e9gyptienne&#8221; du XVIII\u00e8me si\u00e8cle de la&nbsp;<u>Ma\u00e7onnerie<\/u>*, c&#8217;est \u00e0 dire &#8220;anti-\u00e9cossaise&#8221;&nbsp; (cf. \u00e0 ce sujet la Revue celtique Ordos, oct. 1995).<\/p>\n<p>&nbsp;<\/p>\n<p><center><span style=\"font-size: large;\"><img src=\"http:\/\/racines.traditions.free.fr\/celtes-a\/celtes-a6.jpg\"><br \/>\n<\/span><b>Le Bouclier aux \u00e9maux en svasticas*<\/b><span style=\"font-size: large;\"><br \/>\n<\/span><\/center><span style=\"font-size: large;\"><br \/>\n&nbsp;&nbsp;&nbsp;&nbsp;&nbsp;&nbsp;&nbsp;&nbsp;&nbsp;&nbsp;\u00ab&nbsp;Il s\u2019en faut cependant de beaucoup que l\u2019\u00e9tude des l\u00e9gendes irlandaises soit simple, ind\u00e9pendamment de la difficult\u00e9 d\u2019acc\u00e8s et de compr\u00e9hension d\u2019une langue souvent archa\u00efque. Car les transcripteurs, bons chr\u00e9tiens \u2020 s\u2019il en fut, ont vu dans les r\u00e9cits qu\u2019ils sauvaient ainsi de l\u2019oubli non pas des l\u00e9gendes<a href=\"http:\/\/racines.traditions.free.fr\/celtes-a\/notes.htm#footnote15\" target=\"notes\"><sup>15<\/sup><\/a>&nbsp;pa\u00efennes, mais des fragments de l\u2019histoire d\u2019Irlande&nbsp;<a href=\"http:\/\/racines.traditions.free.fr\/celtes-a\/notes.htm#footnote16\" target=\"notes\"><sup>16<\/sup><\/a>&nbsp;<\/span><a href=\"http:\/\/racines.traditions.free.fr\/celtes-a\/irlavola.pdf\" target=\"_blank\" rel=\"noopener\"><span style=\"color: #0000ee; font-size: x-large;\">[<b>irlavola.pdf<\/b>]<\/span><\/a><span style=\"color: #0000ee; font-size: x-large;\">&nbsp;&lt;\u2013 clic<\/span><span style=\"font-size: large;\">! Et cette histoire, comme celle de toute l\u2019humanit\u00e9, commence avec Adam (!) et un peu plus tard le&nbsp;<u>d\u00e9luge<\/u>* (\u2026)<br \/>\n\u00ab&nbsp;Les relations entre les Tuatha D\u00e9 Danann&nbsp;<a href=\"http:\/\/racines.traditions.free.fr\/celtes-a\/notes.htm#footnote17\" target=\"notes\"><sup>17<\/sup><\/a>&nbsp;et leurs successeurs ne sont d\u2019ailleurs pas comprises en terme d\u2019hostilit\u00e9. Les Tuatha De Danann sont avant tout des \u00eatres de l\u2019Autre Monde merveilleux, le&nbsp;<i>Tir na n\u2019Og<\/i>&nbsp;ou \u201cTerre des Jeunes\u201d et, comme dans la mythologie classique, ces&nbsp;<u>dieux<\/u>* ont leurs rois et leurs reines, leurs guerriers, leurs&nbsp;<u>po\u00e8tes<\/u>*, leurs amours et leurs inimiti\u00e9s. Il serait vain de repenser les \u201cinvasions\u201d de l\u2019Irlande en termes historiques\u2026 \u00bb Fran\u00e7oise, Le Roux-Guyonvarc\u2019h, La mythologie celtique, in<i>&nbsp;Le Monde Indo-Europ\u00e9en<\/i>, Brepols \u00e9diteur collectif, B<b>.<\/b>.<\/span><\/p>\n<p><span style=\"color: #0000ee; font-size: large;\"><b>Maj 15 juin 04 :<\/b>&nbsp;\u00ab&nbsp;<u>La tradition gr\u00e9co-romaine<\/u>&nbsp;d\u00e9crit cinq \u00e2ges successifs, associ\u00e9s \u00e0 diff\u00e9rents types humains. Ce cycle commence avec l&#8217;\u00e2ge d&#8217;Or, lorsque les hommes \u00e9taient \u00e9ternellement libres et heureux, et s&#8217;ach\u00e8ve avec l&#8217;\u00e2ge du Fer &#8211; le n\u00f4tre &#8211; &nbsp;qui verra l&#8217;auto-destruction finale du genre humain.<br \/>\n&nbsp;&nbsp;&nbsp;&nbsp;&nbsp;&nbsp;&nbsp;&nbsp;&nbsp;&nbsp;Il est possible que&nbsp;<u>la tradition celte<\/u>&nbsp;des cinq invasions successives de l&#8217;Irlande soit une version du mythe m\u00e9diterran\u00e9en des cinq \u00e2ges. \u00bb Athinai w3.<\/span><\/p>\n<h4>&nbsp;&nbsp;&nbsp;&nbsp;&nbsp;&nbsp;&nbsp;&nbsp;&nbsp;&nbsp;\u00ab&nbsp;Je voudrais que les pays druidiques comprissent que leur myst\u00e8re \u00e0 eux r\u00e9side dans le gui (cf. art.&nbsp;<u>Arbres<\/u>* des Dieux) et qu\u2019ils sont eux-m\u00eames les Tuatha de Danaan, vivants quoique submerg\u00e9s.&nbsp;\u00bb&nbsp;D. H. Lawrence,&nbsp;<i>le Serpent \u00e0 plumes<\/i>.<\/h4>\n<p>&nbsp;<\/p>\n<p>Source : <a href=\"http:\/\/racines.traditions.free.fr\/celtes-a\/\">http:\/\/racines.traditions.free.fr\/celtes-a\/<\/a><\/p>\n","protected":false},"excerpt":{"rendered":"<p>Teuta\/ Familles &nbsp;&nbsp;&nbsp;&nbsp;&nbsp;&nbsp;&nbsp;&nbsp;&nbsp;L\u2019Espace europ\u00e9en&nbsp;\u00e9tait appel\u00e9e Litauia par les Gaulois et cela nous am\u00e8ne \u00e0 remarquer que la Lettonie se nomme Lietuvia et \u00e0 rapprocher cela du nom d\u2019une des quatre ethnies lettones, les Letgalles. La Lettonie<\/p>\n","protected":false},"author":5,"featured_media":5791,"comment_status":"open","ping_status":"closed","sticky":false,"template":"","format":"standard","meta":[],"categories":[18,42],"tags":[],"translation":{"provider":"WPGlobus","version":"2.10.4","language":"en","enabled_languages":["fr","en"],"languages":{"fr":{"title":true,"content":true,"excerpt":false},"en":{"title":false,"content":false,"excerpt":false}}},"_links":{"self":[{"href":"https:\/\/www.pagans.eu\/en\/wp-json\/wp\/v2\/posts\/5788"}],"collection":[{"href":"https:\/\/www.pagans.eu\/en\/wp-json\/wp\/v2\/posts"}],"about":[{"href":"https:\/\/www.pagans.eu\/en\/wp-json\/wp\/v2\/types\/post"}],"author":[{"embeddable":true,"href":"https:\/\/www.pagans.eu\/en\/wp-json\/wp\/v2\/users\/5"}],"replies":[{"embeddable":true,"href":"https:\/\/www.pagans.eu\/en\/wp-json\/wp\/v2\/comments?post=5788"}],"version-history":[{"count":0,"href":"https:\/\/www.pagans.eu\/en\/wp-json\/wp\/v2\/posts\/5788\/revisions"}],"wp:featuredmedia":[{"embeddable":true,"href":"https:\/\/www.pagans.eu\/en\/wp-json\/wp\/v2\/media\/5791"}],"wp:attachment":[{"href":"https:\/\/www.pagans.eu\/en\/wp-json\/wp\/v2\/media?parent=5788"}],"wp:term":[{"taxonomy":"category","embeddable":true,"href":"https:\/\/www.pagans.eu\/en\/wp-json\/wp\/v2\/categories?post=5788"},{"taxonomy":"post_tag","embeddable":true,"href":"https:\/\/www.pagans.eu\/en\/wp-json\/wp\/v2\/tags?post=5788"}],"curies":[{"name":"wp","href":"https:\/\/api.w.org\/{rel}","templated":true}]}}