{"id":5613,"date":"2017-09-20T23:15:38","date_gmt":"2017-09-20T21:15:38","guid":{"rendered":"http:\/\/www.pagans.eu\/?p=5613"},"modified":"2018-03-19T22:01:23","modified_gmt":"2018-03-19T21:01:23","slug":"ragnarok-mythe-nordique-2","status":"publish","type":"post","link":"https:\/\/www.pagans.eu\/en\/ragnarok-mythe-nordique-2\/","title":{"rendered":"Ragnar\u00f6k &#8211; Mythe Nordique #2"},"content":{"rendered":"<p><em>Pour cette \u00e9quinoxe d&#8217;automne, un petit cadeau issu de la tradition orale, <\/em><em>un mythe aussi authentique qu&#8217;ancien : <\/em><\/p>\n<h6><em>Ragnar\u00f6k<\/em><\/h6>\n<p>&nbsp;<\/p>\n<pre style=\"margin-bottom: 0cm; line-height: 100%;\"><span style=\"font-size: 10pt;\"><em><span style=\"display: inline-block; border: none; padding: 0cm;\"><span style=\"font-family: inherit;\"><span style=\"background: #f1f0f0;\"><span style=\"color: #000000;\">Loin au del\u00e0 de ce que l'homme peut courir en une vie\r\nL\u00e0 o\u00f9 Skoll chasse Sol pendant six lunaisons. \r\nL\u00e0 o\u00f9 la glace refl\u00e8te la poursuite de Hatti et Mani. \r\nL\u00e0 o\u00f9 il n'y a nul arbre et nul floraison. \r\nIci m\u00eame \u00e0 la porte du J\u00f6tunheim ils se sont \u00e9gar\u00e9s\r\n\r\nA la recherche \u00e9m\u00e9rite des portes du hall. Ils ont foul\u00e9 for\u00eats,\r\nmontagnes et glaciers. De leur grand pas velu, ab\u00eem\u00e9 et sale. \r\nO\u00f9 sonne le hurlement des Managarm De longues plaintes brisant les\r\ncieux. \r\nM\u00eame les dieux n'y portent plus leurs armes. Lieu abandonn\u00e9,\r\nplaine de mille lieues. \r\n\r\nFenrir fait trembler le monde de sa gueule b\u00e9ante. \r\nJormungand l'immense ondule sur les vagues g\u00e9antes. \r\nHell lib\u00e8re ses esclaves, hommes de peu, tr\u00e9pass\u00e9s. \r\nHeimdal s'affaire et Gjallarhorn se met \u00e0 sonner. \r\nSkoll attrape Sol et Hatti d\u00e9vore Mani. \r\nOdin s'avance dans la gueule du fils de Loki Vidar ouvre le\r\nloup de son \u00e9p\u00e9e. \r\nJormungand mord le courageux Thor emprisonn\u00e9. De neuf coups \r\nil aplatira le serpent avant de tomber. \r\nTyr combattra Garm le g\u00e9ant et ils vont succomber Heimdal et Loki \r\ntout deux se sont entretu\u00e9s. \r\n\r\nLes neufs mondes Surtr d\u00e9vorera de sa flamme. Les dieux\r\ntomberont et les g\u00e9ants disparaitront. \r\nLe destin de la Wyrd, les Nornes que l'on bl\u00e2me? Ainsi est la fin \r\ndu cycle, et d'autres suivront. L'arbre Yggdrasill s'\u00e9teindra comme \r\nles dieux et tous ce qui vit Cependant Yggdrasill perdure dans ses \r\nnombreuses pousses. Ainsi est le cycle des arbres grav\u00e9 dans tous nos esprits. \r\n\r\nAccepte ce que les Nornes tissent. En toi trouve les ressources. \r\nLes forces s\u2019annihilent pour atteindre l\u2019\u00e9quilibre. \r\nIl n\u2019y a pas de nuit obscure sans jour \u00e9clatant. Vois au lev\u00e9 et \r\nau couch\u00e9 de Sol resplendissant. \r\n\r\nTu comprendras de quoi est fait l\u2019homme libre. \r\nLa beaut\u00e9 ne se situe pas dans la lumi\u00e8re Autant quelle n\u2019habite pas\r\ndans le noir. \r\nElle se situe entre les deux, \r\nde telle mani\u00e8re Que l\u2019homme l'a grav\u00e9e dans sa m\u00e9moire.<\/span><\/span><\/span><\/span><\/em><\/span><\/pre>\n<p>&nbsp;<\/p>\n<p>D&#8217;apr\u00e8s la tradition orale Normande<\/p>\n","protected":false},"excerpt":{"rendered":"<p>Pour cette \u00e9quinoxe d&#8217;automne, un petit cadeau issu de la tradition orale, un mythe aussi authentique qu&#8217;ancien : Ragnar\u00f6k &nbsp; Loin au del\u00e0 de ce que l&#8217;homme peut courir en une vie L\u00e0 o\u00f9 Skoll chasse<\/p>\n","protected":false},"author":5,"featured_media":5614,"comment_status":"open","ping_status":"closed","sticky":false,"template":"","format":"standard","meta":[],"categories":[18,59],"tags":[],"translation":{"provider":"WPGlobus","version":"2.10.4","language":"en","enabled_languages":["fr","en"],"languages":{"fr":{"title":true,"content":true,"excerpt":false},"en":{"title":false,"content":false,"excerpt":false}}},"_links":{"self":[{"href":"https:\/\/www.pagans.eu\/en\/wp-json\/wp\/v2\/posts\/5613"}],"collection":[{"href":"https:\/\/www.pagans.eu\/en\/wp-json\/wp\/v2\/posts"}],"about":[{"href":"https:\/\/www.pagans.eu\/en\/wp-json\/wp\/v2\/types\/post"}],"author":[{"embeddable":true,"href":"https:\/\/www.pagans.eu\/en\/wp-json\/wp\/v2\/users\/5"}],"replies":[{"embeddable":true,"href":"https:\/\/www.pagans.eu\/en\/wp-json\/wp\/v2\/comments?post=5613"}],"version-history":[{"count":0,"href":"https:\/\/www.pagans.eu\/en\/wp-json\/wp\/v2\/posts\/5613\/revisions"}],"wp:featuredmedia":[{"embeddable":true,"href":"https:\/\/www.pagans.eu\/en\/wp-json\/wp\/v2\/media\/5614"}],"wp:attachment":[{"href":"https:\/\/www.pagans.eu\/en\/wp-json\/wp\/v2\/media?parent=5613"}],"wp:term":[{"taxonomy":"category","embeddable":true,"href":"https:\/\/www.pagans.eu\/en\/wp-json\/wp\/v2\/categories?post=5613"},{"taxonomy":"post_tag","embeddable":true,"href":"https:\/\/www.pagans.eu\/en\/wp-json\/wp\/v2\/tags?post=5613"}],"curies":[{"name":"wp","href":"https:\/\/api.w.org\/{rel}","templated":true}]}}