{"id":5556,"date":"2017-08-23T20:28:04","date_gmt":"2017-08-23T18:28:04","guid":{"rendered":"http:\/\/www.pagans.eu\/?p=5556"},"modified":"2017-08-28T13:57:35","modified_gmt":"2017-08-28T11:57:35","slug":"contes-traditionnels-1-et-ainsi-nous-sont-venus-ces-comptes","status":"publish","type":"post","link":"https:\/\/www.pagans.eu\/en\/contes-traditionnels-1-et-ainsi-nous-sont-venus-ces-comptes\/","title":{"rendered":"Contes traditionnels #1 &#8211; Et ainsi nous sont venus ces contes"},"content":{"rendered":"<p align=\"center\"><span style=\"font-family: 'Lucida Bright', serif;\"><span style=\"font-size: x-large;\"><b>Et ainsi sont venus \u00e0 nous ces contes<\/b><\/span><\/span><\/p>\n<p align=\"justify\"><span style=\"font-size: large;\">Aux premiers jours du monde, nous \u00e9tions tous ensemble dans l&#8217;arbre. Le soir, avec les autres cr\u00e9atures, nous mangions le soleil en \u00e9coutant le chant de la terre. Nous, les humains , nous ne s\u00e9parions pas l&#8217;antilope et la fleur de l&#8217;homme : nous \u00e9tions d&#8217;\u00e9vidence les enfants du r\u00eave. Nous connaissions notre rocher et l&#8217;arbre florissant parcouru de chants, ce prodigieux fr\u00e8re. Dix mille oiseaux sautaient dans ses ramures et becquetaient sa parole. Ils puisaient les contes \u00e0 la source et au creux des pierres, pour les emporter et nous accompagner. Nous ne savions pas que nous allions abandonner la s\u00e9r\u00e9nit\u00e9 de l&#8217;arbre et du rocher, nous d\u00e9sunir de l&#8217;antilope et de la fleur; et pour tout dire nous \u00e9garer. Nous ignorions qu&#8217;un jour nous penserions la terre inerte et ne sentirions plus l&#8217;\u00e2me du monde. Les oiseaux, eux, le pressentaient.<\/span><\/p>\n<p align=\"justify\"><span style=\"font-size: large;\">Cr\u00e9es pour veiller sur nos premi\u00e8res images, ces enchanteurs prot\u00e9geraient le songe primordial des g\u00e9nies. Leurs contes r\u00e9sisteraient \u00e0 tout, \u00e0 la s\u00e9paration, au temps et \u00e0 l&#8217;oubli. Ils sauraient murmurer notre parent\u00e9, uniraient nos pouls au c\u0153ur des arbres et des pierres. Ils nous escorteraient dans un monde d\u00e9natur\u00e9, pour nous prot\u00e9ger du tumulte et de l&#8217;ignorance, continuant de gazouiller et de rire devant la peur et l&#8217;avidit\u00e9. Quand les cons\u00e9quences de notre fugue deviendraient insoutenables, leur magie nutritive et vitale nous encouragerait \u00e0 agir pour rena\u00eetre. Ayant l\u00e2ch\u00e9 nos chim\u00e8res, d\u00e9di\u00e9s et r\u00e9unifi\u00e9s par la parole enamour\u00e9e, nous serions \u00e0 nouveau nus sous les \u00e9toiles, joyeux de tutoyer la source et de dialoguer avec elle.<\/span><\/p>\n<p align=\"justify\"><span style=\"font-size: large;\">Certains de ce pressentiment, les oiseaux aux becs garnis de contes \u00e9taient pr\u00eats pour le grand voyage. Il se rassembl\u00e8rent.<\/span><\/p>\n<p align=\"justify\"><span style=\"font-size: large;\">&#8211; Emmenons au loin nos rem\u00e8des, dit le Roiseau. Car nos petits fr\u00e8res humains qui veulent tout conna\u00eetre sont en train de s&#8217;\u00e9loigner, de s&#8217;endormir, d&#8217;oublier. Portons haut et loin la chanson des pierres et de l&#8217;aubier. Allons abreuver, contre vents et mar\u00e9es, le \u00ab Temps du r\u00eave \u00bb. S&#8217;ils butent et tombent qu&#8217;un conte soit l\u00e0 pour les relever : la parole d&#8217;un h\u00eatre ou celle d&#8217;une montagne. Qu&#8217;\u00e0 chaque fois que la soif ou la faim tenaille, un bec lib\u00e8re son eau et ses graines : le souffle d&#8217;une gemme ou la voix d&#8217;un peuplier. Compagnons, d\u00e9ployez vos ailes. \u00d4 mes bavards, planez sur la terre et soyez des fontaines ! Que vos paroles-m\u00e9decine accompagnent le murmure du monde !<\/span><\/p>\n<p align=\"justify\"><span style=\"font-size: large;\">Et des myriades s&#8217;envol\u00e8rent, joyeuses, sur les routes du temps avec leurs tr\u00e9sors, sous le regard du Roiseau-ph\u00e9nix, le ma\u00eetre des renaissances.<\/span><\/p>\n<p align=\"justify\"><span style=\"font-size: large;\">Ainsi ces contes sont-ils venus \u00e0 nous, pour nous r\u00e9veiller.<\/span><\/p>\n<p align=\"right\"><span style=\"font-size: large;\"><i>Toute \u00eele que gagnent \u00e0 tire-d&#8217;aile<\/i><\/span><\/p>\n<p align=\"right\"><span style=\"font-size: large;\"><i>les oiseaux<\/i><\/span><\/p>\n<p align=\"right\"><span style=\"font-size: large;\"><i>Je les gagne moi-m\u00eame \u00e0 tire-d&#8217;aile.<\/i><\/span><\/p>\n<p align=\"right\"><span style=\"font-size: large;\"><b>Walt Whitman<\/b><\/span><\/p>\n<p style=\"text-align: left;\" align=\"right\"><span style=\"font-size: large;\">Voici une interp\u00e9tation d&#8217;Oleg dans cette vid\u00e9o :<b>&nbsp;<\/b><\/span><\/p>\n<p><iframe loading=\"lazy\" title=\"Contes traditionnels #1 - Comment nous sont venus ces contes - PAGANS TV\" width=\"600\" height=\"338\" src=\"https:\/\/www.youtube.com\/embed\/SGAbYpGDLVs?feature=oembed\" frameborder=\"0\" allow=\"accelerometer; autoplay; clipboard-write; encrypted-media; gyroscope; picture-in-picture\" allowfullscreen><\/iframe><\/p>\n","protected":false},"excerpt":{"rendered":"<p>Et ainsi sont venus \u00e0 nous ces contes Aux premiers jours du monde, nous \u00e9tions tous ensemble dans l&#8217;arbre. Le soir, avec les autres cr\u00e9atures, nous mangions le soleil en \u00e9coutant le chant de la terre.<\/p>\n","protected":false},"author":5,"featured_media":5560,"comment_status":"open","ping_status":"closed","sticky":false,"template":"","format":"standard","meta":[],"categories":[18,59],"tags":[],"translation":{"provider":"WPGlobus","version":"2.10.4","language":"en","enabled_languages":["fr","en"],"languages":{"fr":{"title":true,"content":true,"excerpt":false},"en":{"title":false,"content":false,"excerpt":false}}},"_links":{"self":[{"href":"https:\/\/www.pagans.eu\/en\/wp-json\/wp\/v2\/posts\/5556"}],"collection":[{"href":"https:\/\/www.pagans.eu\/en\/wp-json\/wp\/v2\/posts"}],"about":[{"href":"https:\/\/www.pagans.eu\/en\/wp-json\/wp\/v2\/types\/post"}],"author":[{"embeddable":true,"href":"https:\/\/www.pagans.eu\/en\/wp-json\/wp\/v2\/users\/5"}],"replies":[{"embeddable":true,"href":"https:\/\/www.pagans.eu\/en\/wp-json\/wp\/v2\/comments?post=5556"}],"version-history":[{"count":0,"href":"https:\/\/www.pagans.eu\/en\/wp-json\/wp\/v2\/posts\/5556\/revisions"}],"wp:featuredmedia":[{"embeddable":true,"href":"https:\/\/www.pagans.eu\/en\/wp-json\/wp\/v2\/media\/5560"}],"wp:attachment":[{"href":"https:\/\/www.pagans.eu\/en\/wp-json\/wp\/v2\/media?parent=5556"}],"wp:term":[{"taxonomy":"category","embeddable":true,"href":"https:\/\/www.pagans.eu\/en\/wp-json\/wp\/v2\/categories?post=5556"},{"taxonomy":"post_tag","embeddable":true,"href":"https:\/\/www.pagans.eu\/en\/wp-json\/wp\/v2\/tags?post=5556"}],"curies":[{"name":"wp","href":"https:\/\/api.w.org\/{rel}","templated":true}]}}