{"id":5417,"date":"2017-06-11T15:10:19","date_gmt":"2017-06-11T13:10:19","guid":{"rendered":"http:\/\/www.pagans.eu\/?p=5417"},"modified":"2017-06-21T21:46:10","modified_gmt":"2017-06-21T19:46:10","slug":"quand-la-cabale-orientale-a-detruit-la-civilisation-nordico-occidentale","status":"publish","type":"post","link":"https:\/\/www.pagans.eu\/en\/quand-la-cabale-orientale-a-detruit-la-civilisation-nordico-occidentale\/","title":{"rendered":"QUAND LA CABALE ORIENTALE A DETRUIT LA CIVILISATION NORDICO OCCIDENTALE"},"content":{"rendered":"<p>Image principale de l&#8217;article : Repr\u00e9sentation d&#8217;Isis au Louvre, Paris.<\/p>\n<p>La cl\u00e9 qui permet \u00e0 tout un chacun, d\u2019enfin comprendre nos anc\u00eatres Celtes ainsi que la disparition de toutes les civilisations \u00e0 racine Hyperbor\u00e9enne, c\u2019est de savoir qu\u2019il s\u2019agit avant tout d\u2019une guerre totale entre deux id\u00e9ologies, deux visions du monde. La premi\u00e8re vision, la plus ancienne, a \u00e9t\u00e9 vaincue par la seconde il y plusieurs si\u00e8cles, mais alors que nous entrons dans l\u2019\u00e8re du verseau, cette guerre a repris.<\/p>\n<h2>Les vainqueurs \u00e9crivent l\u2019histoire&nbsp;?? Mais non&nbsp;! Ils l\u2019effacent&nbsp;!<\/h2>\n<p>La civilisation post-diluvienne primordiale provient du Nord de l\u2019occident, les Celtes n\u2019\u00e9taient pas des barbares, les Romains n\u2019ont rien invent\u00e9, ils ont essentiellement d\u00e9truit. Le d\u00e9veloppement de Sumer est arriv\u00e9 bien apr\u00e8s l\u2019\u00e9tablissement de la civilisation europ\u00e9enne du dogger-land. Ces assertions simples permettent d\u2019expliquer bon nombres de faits et d\u2019artefacts arch\u00e9ologiques \u00ab&nbsp;myst\u00e9rieux&nbsp;\u00bb mais surtout elles nous \u00e9clairent sur l\u2019\u00e9norme mensonge historique dans lequel nous vivons.<\/p>\n<h3><a href=\"http:\/\/www.pagans.eu\/wp-content\/uploads\/2017\/06\/rome_antique_image344.jpg\" rel=\"wp-prettyPhoto[5417]\"><img loading=\"lazy\" class=\"size-medium wp-image-5418 aligncenter\" src=\"http:\/\/www.pagans.eu\/wp-content\/uploads\/2017\/06\/rome_antique_image344-300x208.jpg\" alt=\"\" width=\"300\" height=\"208\" srcset=\"https:\/\/www.pagans.eu\/wp-content\/uploads\/2017\/06\/rome_antique_image344-300x208.jpg 300w, https:\/\/www.pagans.eu\/wp-content\/uploads\/2017\/06\/rome_antique_image344.jpg 512w\" sizes=\"(max-width: 300px) 100vw, 300px\" \/><\/a><\/h3>\n<h3>Liaison \u00e9gypto-Romaine<\/h3>\n<p>On nous r\u00e9p\u00e8te sans cesse les apports de la civilisation Romaine, je ne vous apprend rien, mais par contre l\u2019h\u00e9ritage \u00e9gyptien lui est \u00e9trangement dissimul\u00e9 depuis des si\u00e8cles. Son voile n\u2019est lev\u00e9 que de fa\u00e7on herm\u00e9tique&nbsp;: Ob\u00e9lisques, pyramide du Louvre, sur la tenue du pape lui-m\u00eame. Le Pontife catholique avait joui des pleins pouvoirs (\u00e0 partir de l\u2019\u00e9poque carolingienne) spirituels et temporels, tout comme pharaon le pr\u00eatre roi. Le mariage entre Jules C\u00e9sar et Cl\u00e9op\u00e2tre est un \u00e9l\u00e9ment marquant qui d\u00e9montre le transfert progressif des \u00e9lites \u00e9gyptiennes vers l\u2019occident, plusieurs temples d\u00e9di\u00e9s \u00e0 Isis ont \u00e9t\u00e9 \u00e9rig\u00e9s en Gaulle \u00e0 l\u2019\u00e9poque Gallo-Romaine. L\u2019organisation catholique sous forme de castes est d\u2019origine pharaonique, les c\u00e9r\u00e9monies et la mythologie chr\u00e9tienne Romaine&nbsp;sont directement repris des myst\u00e8res d\u2019Isis, une religion anim\u00e9e par de nombreuses repr\u00e9sentations d\u2019idoles devant qui s\u2019agenouiller, on les retrouve dans toutes les \u00e9glises catholiques. Isis s\u2019y cache en effet sous les traits de la vierge Marie.<\/p>\n<p><a href=\"http:\/\/www.pagans.eu\/wp-content\/uploads\/2017\/06\/IMG_20170205_171840.jpg\" rel=\"wp-prettyPhoto[5417]\">&nbsp;<img loading=\"lazy\" class=\"size-medium wp-image-5420 aligncenter\" src=\"http:\/\/www.pagans.eu\/wp-content\/uploads\/2017\/06\/IMG_20170205_171840-225x300.jpg\" alt=\"\" width=\"225\" height=\"300\" srcset=\"https:\/\/www.pagans.eu\/wp-content\/uploads\/2017\/06\/IMG_20170205_171840-225x300.jpg 225w, https:\/\/www.pagans.eu\/wp-content\/uploads\/2017\/06\/IMG_20170205_171840-768x1024.jpg 768w, https:\/\/www.pagans.eu\/wp-content\/uploads\/2017\/06\/IMG_20170205_171840-600x800.jpg 600w, https:\/\/www.pagans.eu\/wp-content\/uploads\/2017\/06\/IMG_20170205_171840.jpg 1944w\" sizes=\"(max-width: 225px) 100vw, 225px\" \/><\/a><a href=\"http:\/\/www.pagans.eu\/wp-content\/uploads\/2017\/06\/Abbaye-de-Saint-Victor-Marseille-16.jpg\" rel=\"wp-prettyPhoto[5417]\"><img loading=\"lazy\" class=\"wp-image-5422 aligncenter\" src=\"http:\/\/www.pagans.eu\/wp-content\/uploads\/2017\/06\/Abbaye-de-Saint-Victor-Marseille-16-300x171.jpg\" alt=\"\" width=\"528\" height=\"301\" srcset=\"https:\/\/www.pagans.eu\/wp-content\/uploads\/2017\/06\/Abbaye-de-Saint-Victor-Marseille-16-300x171.jpg 300w, https:\/\/www.pagans.eu\/wp-content\/uploads\/2017\/06\/Abbaye-de-Saint-Victor-Marseille-16-768x439.jpg 768w, https:\/\/www.pagans.eu\/wp-content\/uploads\/2017\/06\/Abbaye-de-Saint-Victor-Marseille-16.jpg 1024w, https:\/\/www.pagans.eu\/wp-content\/uploads\/2017\/06\/Abbaye-de-Saint-Victor-Marseille-16-600x343.jpg 600w\" sizes=\"(max-width: 528px) 100vw, 528px\" \/><\/a><\/p>\n<p style=\"text-align: center;\"><em>(1) Isis animalis\u00e9e au ch\u00e2teau de Maisons-Laffitte ; (2) &amp; (3) : Abbaye Saint Victor, temple romain d\u2019Isis de Marseille<\/em><\/p>\n<p>A nous pauvres ignorants de la masse, on ne nous parle que d\u2019un h\u00e9ritage jud\u00e9o ou h\u00e9lleno-chr\u00e9tien, mais celui-ci n\u2019est qu\u2019un voile pour cacher l\u2019\u00c9gypte\u2026 Nous ne r\u00e9v\u00e9lerons pas ici les succulents faits historiques cach\u00e9s derri\u00e8re ce voile jud\u00e9o-catholique, (lisez \u00ab&nbsp;les hyperbor\u00e9ens face \u00e0 l\u2019empire&nbsp;\u00bb par Thot&nbsp;!) car cela nous entra\u00eenerait bien trop loin. Ces v\u00e9rit\u00e9s auxquelles vous n\u2019avez pas droit sont uniquement enseign\u00e9es dans les soci\u00e9t\u00e9s secr\u00e8tes ou tr\u00e8s discr\u00e8tes comme les loges jud\u00e9o-ma\u00e7oniques, le haut clerg\u00e9 catholique etc&#8230; Vous savez pourquoi le symbole illuminati est une pyramide&nbsp;\u00e9gyptienne ? Parce-que pour les gentils c\u2019est l\u00e0 que d\u00e9marre la fausse histoire de la civilisation humaine, c\u2019est l\u00e0 que la cabale assyro-h\u00e9bra\u00efco-\u00e9gyptienne affermie son pouvoir sur l\u2019humanit\u00e9, mais c\u2019est l\u00e0 aussi que tout peu s\u2019arr\u00eater car c\u2019est \u00e0 Guizeh que se trouve toute la v\u00e9rit\u00e9. Ambiance initiatique\u2026.<\/p>\n<h3>Civilisation horizontale contre verticale<\/h3>\n<p>Cette cabale, apr\u00e8s avoir vaincu, essor\u00e9 et d\u00e9truit l\u2019orient, parti s\u2019installer en occident, par l\u2019entremise de Rome. Peu \u00e0 peu la belle soci\u00e9t\u00e9 celtique,&nbsp; morale, respectueuse de la libert\u00e9, exaltant la beaut\u00e9 de l\u2019humain et de la nature f\u00fbt d\u00e9truite par des valeurs import\u00e9es de force par l\u2019empire Romain&nbsp;: la cupidit\u00e9, le mat\u00e9rialisme et l\u2019esclavage. Pour instaurer d\u00e9finitivement ce syst\u00e8me d\u2019exploitation et ne pas risquer la r\u00e9volte, il fallait faire oublier l\u2019ancien mode de vie, la civilisation selon la tradition Hyperbor\u00e9enne. On inventa alors le monoth\u00e9isme catholique pour interdire tous les autres cultes (sauf le juda\u00efsme\u2026) et qualifier les r\u00e9calcitrants de pa\u00efens ou d\u2019h\u00e9r\u00e9tiques, n\u2019h\u00e9sitant pas \u00e0 condamner \u00e0 mort les insoumis. A oui c\u2019est vrai, Rome nous a beaucoup apport\u00e9, les cours d\u2019histoire \u00e0 l\u2019universit\u00e9 nous le r\u00e9p\u00e8tent sans cesse.<\/p>\n<p><a href=\"http:\/\/www.pagans.eu\/wp-content\/uploads\/2017\/06\/illuminati.jpg\" rel=\"wp-prettyPhoto[5417]\"><img loading=\"lazy\" class=\"size-full wp-image-5419 aligncenter\" src=\"http:\/\/www.pagans.eu\/wp-content\/uploads\/2017\/06\/illuminati.jpg\" alt=\"\" width=\"200\" height=\"209\"><\/a><\/p>\n<h3>Nous cauchemardons \u00e9veill\u00e9<\/h3>\n<p>Si nous avons encore droit \u00e0 ces mensonges du journal de 20H \u00e0 l\u2019universit\u00e9, c\u2019est parce que cette cabale est toujours en place&nbsp;; depuis des mill\u00e9naires, elle ne fait que muter, d\u00e9m\u00e9nager, changer de syst\u00e8me de domination. Parfois il y a des petites guerres internes comme lors de la r\u00e9volution, mais au final, jud\u00e9o-chr\u00e9tiens, musulmans ou Francs-ma\u00e7ons r\u00e9volutionnaires, tous revendiquent leurs origines orientales, tous mentent et exploitent le genre humain depuis des mill\u00e9naires. Tous ont effac\u00e9 les civilisations pa\u00efennes europ\u00e9ennes des m\u00e9moires, tous soumettent et exploitent l\u2019homme, d\u2019une mani\u00e8re ou d\u2019une autre.<\/p>\n<p>Alors quand certains se disent r\u00e9volutionnaires parce-qu\u2019ils d\u00e9noncent la communaut\u00e9 juive organis\u00e9e, la franc-ma\u00e7onnerie, tout en proclamant que le catholicisme ou l\u2019Islam sont des remparts&nbsp;; c\u2019est comme d\u00e9noncer la maladie du si\u00e8cle, le cancer, et proposer comme rem\u00e8de la peste ou le chol\u00e9ra&nbsp;! Car oui chers amis, les rois de France, les nobles de sang bleu, vous \u00eates vous d\u00e9j\u00e0 demand\u00e9 d\u2019o\u00f9 ils venaient&nbsp;? Car ils n\u2019ont rien \u00e0 voir avec Ast\u00e9rix, ce ne sont que des H\u00e9breux venus de Jud\u00e9e et\u2026. d\u2019Egypte&nbsp;!<\/p>\n<p style=\"text-align: center;\">&nbsp; &nbsp; &nbsp; &nbsp; &nbsp; &nbsp; &nbsp; &nbsp; &nbsp; &nbsp; &nbsp; &nbsp; &nbsp; &nbsp; &nbsp; &nbsp; &nbsp; &nbsp; &nbsp; &nbsp; &nbsp; &nbsp; &nbsp; &nbsp; &nbsp; &nbsp; &nbsp; &nbsp; &nbsp; &nbsp; &nbsp; &nbsp; &nbsp; &nbsp; &nbsp; &nbsp; &nbsp; &nbsp; &nbsp; &nbsp; &nbsp; &nbsp; &nbsp; &nbsp; &nbsp; &nbsp; &nbsp; &nbsp; &nbsp; &nbsp; &nbsp; &nbsp; &nbsp; &nbsp; &nbsp; &nbsp; &nbsp; &nbsp; &nbsp; &nbsp; &nbsp; &nbsp; &nbsp; &nbsp; &nbsp; &nbsp; &nbsp; &nbsp; &nbsp; &nbsp; &nbsp; &nbsp; &nbsp; &nbsp; &nbsp; &nbsp; &nbsp; &nbsp; &nbsp; &nbsp; &nbsp; &nbsp; &nbsp; &nbsp; &nbsp; &nbsp; &nbsp; &nbsp; &nbsp; &nbsp; &nbsp; &nbsp; &nbsp; &nbsp; &nbsp; &nbsp; &nbsp; &nbsp; &nbsp; &nbsp; &nbsp; &nbsp; &nbsp; &nbsp; &nbsp; &nbsp; Oleg de Normandie<\/p>\n<p><a href=\"http:\/\/www.pagans.eu\/wp-content\/uploads\/2017\/06\/david_rockefeller_quote_fullscreen.jpg\" rel=\"wp-prettyPhoto[5417]\"><img loading=\"lazy\" class=\" wp-image-5421 aligncenter\" src=\"http:\/\/www.pagans.eu\/wp-content\/uploads\/2017\/06\/david_rockefeller_quote_fullscreen-300x225.jpg\" alt=\"\" width=\"475\" height=\"356\" srcset=\"https:\/\/www.pagans.eu\/wp-content\/uploads\/2017\/06\/david_rockefeller_quote_fullscreen-300x225.jpg 300w, https:\/\/www.pagans.eu\/wp-content\/uploads\/2017\/06\/david_rockefeller_quote_fullscreen-768x576.jpg 768w, https:\/\/www.pagans.eu\/wp-content\/uploads\/2017\/06\/david_rockefeller_quote_fullscreen-1024x768.jpg 1024w, https:\/\/www.pagans.eu\/wp-content\/uploads\/2017\/06\/david_rockefeller_quote_fullscreen-600x450.jpg 600w, https:\/\/www.pagans.eu\/wp-content\/uploads\/2017\/06\/david_rockefeller_quote_fullscreen.jpg 1600w\" sizes=\"(max-width: 475px) 100vw, 475px\" \/><\/a><\/p>\n","protected":false},"excerpt":{"rendered":"<p>Image principale de l&#8217;article : Repr\u00e9sentation d&#8217;Isis au Louvre, Paris. La cl\u00e9 qui permet \u00e0 tout un chacun, d\u2019enfin comprendre nos anc\u00eatres Celtes ainsi que la disparition de toutes les civilisations \u00e0 racine Hyperbor\u00e9enne, c\u2019est de<\/p>\n","protected":false},"author":5,"featured_media":5423,"comment_status":"open","ping_status":"closed","sticky":false,"template":"","format":"standard","meta":[],"categories":[18,42],"tags":[],"translation":{"provider":"WPGlobus","version":"2.10.4","language":"en","enabled_languages":["fr","en"],"languages":{"fr":{"title":true,"content":true,"excerpt":false},"en":{"title":false,"content":false,"excerpt":false}}},"_links":{"self":[{"href":"https:\/\/www.pagans.eu\/en\/wp-json\/wp\/v2\/posts\/5417"}],"collection":[{"href":"https:\/\/www.pagans.eu\/en\/wp-json\/wp\/v2\/posts"}],"about":[{"href":"https:\/\/www.pagans.eu\/en\/wp-json\/wp\/v2\/types\/post"}],"author":[{"embeddable":true,"href":"https:\/\/www.pagans.eu\/en\/wp-json\/wp\/v2\/users\/5"}],"replies":[{"embeddable":true,"href":"https:\/\/www.pagans.eu\/en\/wp-json\/wp\/v2\/comments?post=5417"}],"version-history":[{"count":0,"href":"https:\/\/www.pagans.eu\/en\/wp-json\/wp\/v2\/posts\/5417\/revisions"}],"wp:featuredmedia":[{"embeddable":true,"href":"https:\/\/www.pagans.eu\/en\/wp-json\/wp\/v2\/media\/5423"}],"wp:attachment":[{"href":"https:\/\/www.pagans.eu\/en\/wp-json\/wp\/v2\/media?parent=5417"}],"wp:term":[{"taxonomy":"category","embeddable":true,"href":"https:\/\/www.pagans.eu\/en\/wp-json\/wp\/v2\/categories?post=5417"},{"taxonomy":"post_tag","embeddable":true,"href":"https:\/\/www.pagans.eu\/en\/wp-json\/wp\/v2\/tags?post=5417"}],"curies":[{"name":"wp","href":"https:\/\/api.w.org\/{rel}","templated":true}]}}